                       {"id":44695,"date":"2023-08-04T11:46:45","date_gmt":"2023-08-04T17:46:45","guid":{"rendered":"https:\/\/laultimapalabra.com.mx\/portal\/?p=44695"},"modified":"2023-08-04T11:46:45","modified_gmt":"2023-08-04T17:46:45","slug":"si-el-tepjf-determina-que-no-puedo-referirme-a-galvez-es-porque-esta-vendido-amlo","status":"publish","type":"post","link":"https:\/\/laultimapalabra.com.mx\/portal\/si-el-tepjf-determina-que-no-puedo-referirme-a-galvez-es-porque-esta-vendido-amlo\/","title":{"rendered":"Si el TEPJF determina que no puedo referirme a G\u00e1lvez es porque est\u00e1 vendido: AMLO"},"content":{"rendered":"<p>CDMX.- Si el Tribunal Electoral del Poder Judicial de la Federaci\u00f3n resuelve que el presidente Andr\u00e9s Manuel L\u00f3pez Obrador no puede referirse a X\u00f3chitl G\u00e1lvez, quedar\u00eda evidencia de que esa instancia est\u00e1 alquilada, afirm\u00f3 el propio mandatario federal.<\/p>\n<p>\u201cNo hablo de la se\u00f1ora si lo proh\u00edben, nada m\u00e1s que va a seguir quedando en evidencia que ese tribunal est\u00e1 vendido o alquilado\u201d, se\u00f1al\u00f3 esta ma\u00f1ana el jefe del Ejecutivo en su conferencia matutina en Palacio Nacional.<\/p>\n<p>Interrogado nuevamente sobre los diferendos con las autoridades electorales en torno a sus menciones a la panista, quien aspira a la candidatura presidencial del grupo opositor y a quien ha se\u00f1alado que es la elegida de ese bloque, el Presidente llam\u00f3 la atenci\u00f3n que la resoluci\u00f3n del tribunal podr\u00eda poner en riesgo su libertad de expresi\u00f3n.<\/p>\n<p>\u201cEntiendo que est\u00e9n molestos porque no todos somos aplaudidores, tenemos posturas distintas y que bueno que existan personas que tienen una postura contraria a la transformaci\u00f3n. \u00a1Qu\u00e9 bueno!, porque eso es la democracia. Pero que no haya censura, es el mundo al rev\u00e9s, ahora resulta que me quieren censurar, no quieren que yo hable\u201d, enfatiz\u00f3.<\/p>\n<p>Dijo que esperar\u00e1 la resoluci\u00f3n de las autoridades electorales, aunque insisti\u00f3 en que pedir\u00e1 que le aclaren en qu\u00e9 momento incurri\u00f3 en supuesta violencia pol\u00edtica de g\u00e9nero.<\/p>\n<p>\u201cLo que me llama la atenci\u00f3n es que sostengan que yo agred\u00ed verbalmente a la se\u00f1ora, que hay violencia de g\u00e9nero en lo que yo expres\u00e9, y quiero que me digan qu\u00e9 fue lo que dije, seg\u00fan lo cual se trat\u00f3 de un agravio o hay violencia de g\u00e9nero. \u00bfQu\u00e9?<\/p>\n<p>\u201cEl otro d\u00eda se comentaba que porque dije que era la candidata del bloque conservador, pues es cierto. \u00bfY eso cu\u00e1l es la violencia de g\u00e9nero? \u00bfQu\u00e9 no es cierto que es la candidata de Claudio X. Gonz\u00e1lez y \u00e9l fue el que hizo la consulta, porque es el gerente del bloque conservador? Claudio X Gonz\u00e1lez hijo con los que integran este grupo y llegaron a la conclusi\u00f3n que ella era la mejor opci\u00f3n\u201d, asever\u00f3 el titular del Ejecutivo federal.<\/p>\n<p>A partir de ah\u00ed, afirm\u00f3, se puso en marcha una campa\u00f1a en favor de la senadora panista. \u00bfD\u00f3nde est\u00e1 la violencia? Esto es pol\u00edtica, y es lo m\u00e1s legal que puede haber, la pol\u00edtica es si no un arte, si no una ciencia, es un oficio, pero adem\u00e1s, es lo que permite que nos organicemos como sociedad, por eso a la Constituci\u00f3n se le llama Constituci\u00f3n Pol\u00edtica de los Estados Unidos Mexicanos\u201d.<\/p>\n<p>L\u00f3pez Obrador rechaz\u00f3 estar violando el art\u00edculo 134 constitucional. \u201cNo estoy llamando a votar por nadie. No estoy influyendo, estoy hablando nada m\u00e1s de una realidad: que existe un bloque conservador que est\u00e1 en contra de la transformaci\u00f3n del pa\u00eds, y esto lo he dicho desde siempre, que es un bloque conservador muy corrupto\u201d.<\/p>\n<p>Descart\u00f3 actuar como Vicente Fox en 2006. \u201cNo, yo lo que estoy advirtiendo es de que quieren los corruptos, los que saquearon a M\u00e9xico, regresar a hacer lo mismo. No, no somos iguales, y tenemos la obligaci\u00f3n de advertirle a la gente. Si usted ve que alguien se va a meter a un domicilio a robar, lo tiene que denunciar (\u2026) El gobierno est\u00e1 obligado a garantizar la justicia, la honestidad y la democracia. Esa es la funci\u00f3n\u201d.<\/p>\n<p>El tabasque\u00f1o insisti\u00f3 en que tiene derecho a informar a la gente sobre las intenciones de sus opositores.<\/p>\n<p>\u201cY adem\u00e1s tengo las pruebas de que son una pandilla de rufianes, de corruptos, que le han hecho mucho da\u00f1o al pa\u00eds. No estoy meti\u00e9ndome en cuestiones de g\u00e9nero, esto no tiene que ver con hombres, con mujeres. Aqu\u00ed he dicho c\u00f3mo la maestra Elba Esther Gordillo le ayud\u00f3 a (Felipe) Calder\u00f3n en el fraude electoral, aqu\u00ed he dicho que el fraude electoral que se cometi\u00f3 en 2006 caus\u00f3 mucho da\u00f1o al pa\u00eds\u201d.<\/p>\n<p>Revir\u00f3 una vez m\u00e1s que no se le puede limitar su libertad a la libre expresi\u00f3n.<\/p>\n<p>\u201cEs la libertad, \u00bfc\u00f3mo no voy a poder expresarme? Pero adem\u00e1s, por eso estoy pidiendo, porque tengo derecho a la defensa, que me digan los magistrados del tribunal, \u00bfd\u00f3nde esta la violencia de g\u00e9nero? Es cesura, porque los magistrados del tribunal, como los jueces, los magistrados, los ministros de la Corte, la mayor\u00eda, la inmensa mayor\u00eda, est\u00e1n al servicio de la oligarqu\u00eda, de los grupos de poder econ\u00f3mico, los que antes se sent\u00edan due\u00f1os de M\u00e9xico, los que mandaban, los que ten\u00edan secuestrado al gobierno, los que saqueaban el erario, esa es la realidad. Entonces, es muy interesante pues que ahora estemos luchando por una aut\u00e9ntica democracia\u201d.<\/p>\n<p>FUENTE: LA JORNADA<\/p>\n<p>FOTO: CUARTOSCURO<\/p>\n","protected":false},"excerpt":{"rendered":"<p>CDMX.- Si el Tribunal Electoral del Poder Judicial de la Federaci\u00f3n resuelve que el presidente Andr\u00e9s Manuel L\u00f3pez Obrador no puede referirse a X\u00f3chitl G\u00e1lvez, quedar\u00eda evidencia de que esa instancia est\u00e1 alquilada, afirm\u00f3 el propio mandatario federal. \u201cNo hablo de la se\u00f1ora si lo proh\u00edben, nada m\u00e1s que va a seguir quedando en evidencia [&hellip;]<\/p>\n","protected":false},"author":9,"featured_media":44696,"comment_status":"closed","ping_status":"closed","sticky":false,"template":"","format":"standard","meta":{"footnotes":""},"categories":[19],"tags":[8698,8696,5859,8697,8346],"class_list":["post-44695","post","type-post","status-publish","format-standard","has-post-thumbnail","hentry","category-nacional","tag-libertaddeexpresion","tag-tepj","tag-ultimas-noticias","tag-vendidos","tag-xochitlgalvez"],"_links":{"self":[{"href":"https:\/\/laultimapalabra.com.mx\/portal\/wp-json\/wp\/v2\/posts\/44695","targetHints":{"allow":["GET"]}}],"collection":[{"href":"https:\/\/laultimapalabra.com.mx\/portal\/wp-json\/wp\/v2\/posts"}],"about":[{"href":"https:\/\/laultimapalabra.com.mx\/portal\/wp-json\/wp\/v2\/types\/post"}],"author":[{"embeddable":true,"href":"https:\/\/laultimapalabra.com.mx\/portal\/wp-json\/wp\/v2\/users\/9"}],"replies":[{"embeddable":true,"href":"https:\/\/laultimapalabra.com.mx\/portal\/wp-json\/wp\/v2\/comments?post=44695"}],"version-history":[{"count":1,"href":"https:\/\/laultimapalabra.com.mx\/portal\/wp-json\/wp\/v2\/posts\/44695\/revisions"}],"predecessor-version":[{"id":44697,"href":"https:\/\/laultimapalabra.com.mx\/portal\/wp-json\/wp\/v2\/posts\/44695\/revisions\/44697"}],"wp:featuredmedia":[{"embeddable":true,"href":"https:\/\/laultimapalabra.com.mx\/portal\/wp-json\/wp\/v2\/media\/44696"}],"wp:attachment":[{"href":"https:\/\/laultimapalabra.com.mx\/portal\/wp-json\/wp\/v2\/media?parent=44695"}],"wp:term":[{"taxonomy":"category","embeddable":true,"href":"https:\/\/laultimapalabra.com.mx\/portal\/wp-json\/wp\/v2\/categories?post=44695"},{"taxonomy":"post_tag","embeddable":true,"href":"https:\/\/laultimapalabra.com.mx\/portal\/wp-json\/wp\/v2\/tags?post=44695"}],"curies":[{"name":"wp","href":"https:\/\/api.w.org\/{rel}","templated":true}]}}