                       {"id":44698,"date":"2023-08-04T11:50:57","date_gmt":"2023-08-04T17:50:57","guid":{"rendered":"https:\/\/laultimapalabra.com.mx\/portal\/?p=44698"},"modified":"2023-08-04T11:50:57","modified_gmt":"2023-08-04T17:50:57","slug":"magistrado-avelar-fue-destituido-y-sera-investigado-por-nexos-con-cjng-amlo","status":"publish","type":"post","link":"https:\/\/laultimapalabra.com.mx\/portal\/magistrado-avelar-fue-destituido-y-sera-investigado-por-nexos-con-cjng-amlo\/","title":{"rendered":"Magistrado Avelar fue destituido y ser\u00e1 investigado por nexos con CJNG: AMLO"},"content":{"rendered":"<p>CDMX. &#8211; El presidente Andr\u00e9s Manuel L\u00f3pez Obrador di\u00f3 a conocer que el magistrado de circuito Isidro Avelar Guti\u00e9rrez fue destituido y ser\u00e1 investigado por sus presuntos nexos con el C\u00e1rtel de Jalisco Nueva Generaci\u00f3n (CJNG).<\/p>\n<p>En la ma\u00f1anera de este viernes en Palacio Nacional, el jefe del Ejecutivo subray\u00f3 que al magistrado del Poder Judicial se le juzgar\u00e1 porque el gobierno de Estados Unidos lo acus\u00f3 de presuntamente proteger a los miembros de la organizaci\u00f3n delictiva mencionada.<\/p>\n<p>Present\u00f3 una l\u00e1mina en la que se detall\u00f3 que ayer, la Suprema Corte de Justicia de la Naci\u00f3n confirm\u00f3 la destituci\u00f3n de Avelar Guti\u00e9rrez como magistrado de circuito.<\/p>\n<p>\u201cMiren, magistrado de circuito luego de ser se\u00f1alado por el gobierno de Estados Unidos de tener supuestos nexos con un cartel, es el de Jalisco \u00bfno? Nueva Generaci\u00f3n, procesado por un cargo de enriquecimiento il\u00edcito. Ya hab\u00eda estado procesado por peculado y fue absuelto en el 2022, pero ayer lo volvieron a enjuiciar \u00bfno?\u201d, apunt\u00f3 el mandatario federal.<\/p>\n<p>En la l\u00e1mina presentada por L\u00f3pez Obrador se a\u00f1ade que el magistrado destituido \u201cha participado en una amplia gama de actos de corrupci\u00f3n, incluyendo el desv\u00edo de activos estatales, y la aceptaci\u00f3n de sobornos de organizaciones narcotraficantes mexicanas, como el CJNG\u201d.<\/p>\n<p>Remarc\u00f3 que se tienen que limpiar a las instituciones de viejas pr\u00e1cticas. \u201cLa transformaci\u00f3n es un proceso que lleva tiempo, y hay que ir limpiando, purificando la vida p\u00fablica, hay que ir acabando con el influyentismo, con el nepotismo, con la corrupci\u00f3n, con todas esas lacras de la pol\u00edtica, pero no es f\u00e1cil arrancarlas, los vicios vienen de tiempo atr\u00e1s\u201d.<\/p>\n<p>FUENTE: LA JORNADA<\/p>\n<p>FOTO: LA VERDAD NOTICIAS<\/p>\n","protected":false},"excerpt":{"rendered":"<p>CDMX. &#8211; El presidente Andr\u00e9s Manuel L\u00f3pez Obrador di\u00f3 a conocer que el magistrado de circuito Isidro Avelar Guti\u00e9rrez fue destituido y ser\u00e1 investigado por sus presuntos nexos con el C\u00e1rtel de Jalisco Nueva Generaci\u00f3n (CJNG). En la ma\u00f1anera de este viernes en Palacio Nacional, el jefe del Ejecutivo subray\u00f3 que al magistrado del Poder [&hellip;]<\/p>\n","protected":false},"author":9,"featured_media":44699,"comment_status":"closed","ping_status":"closed","sticky":false,"template":"","format":"standard","meta":{"footnotes":""},"categories":[19],"tags":[124,8701,8699,8700,5859],"class_list":["post-44698","post","type-post","status-publish","format-standard","has-post-thumbnail","hentry","category-nacional","tag-amlo","tag-destituido","tag-isidroavelargutierrez","tag-juezcorrpto","tag-ultimas-noticias"],"_links":{"self":[{"href":"https:\/\/laultimapalabra.com.mx\/portal\/wp-json\/wp\/v2\/posts\/44698","targetHints":{"allow":["GET"]}}],"collection":[{"href":"https:\/\/laultimapalabra.com.mx\/portal\/wp-json\/wp\/v2\/posts"}],"about":[{"href":"https:\/\/laultimapalabra.com.mx\/portal\/wp-json\/wp\/v2\/types\/post"}],"author":[{"embeddable":true,"href":"https:\/\/laultimapalabra.com.mx\/portal\/wp-json\/wp\/v2\/users\/9"}],"replies":[{"embeddable":true,"href":"https:\/\/laultimapalabra.com.mx\/portal\/wp-json\/wp\/v2\/comments?post=44698"}],"version-history":[{"count":1,"href":"https:\/\/laultimapalabra.com.mx\/portal\/wp-json\/wp\/v2\/posts\/44698\/revisions"}],"predecessor-version":[{"id":44700,"href":"https:\/\/laultimapalabra.com.mx\/portal\/wp-json\/wp\/v2\/posts\/44698\/revisions\/44700"}],"wp:featuredmedia":[{"embeddable":true,"href":"https:\/\/laultimapalabra.com.mx\/portal\/wp-json\/wp\/v2\/media\/44699"}],"wp:attachment":[{"href":"https:\/\/laultimapalabra.com.mx\/portal\/wp-json\/wp\/v2\/media?parent=44698"}],"wp:term":[{"taxonomy":"category","embeddable":true,"href":"https:\/\/laultimapalabra.com.mx\/portal\/wp-json\/wp\/v2\/categories?post=44698"},{"taxonomy":"post_tag","embeddable":true,"href":"https:\/\/laultimapalabra.com.mx\/portal\/wp-json\/wp\/v2\/tags?post=44698"}],"curies":[{"name":"wp","href":"https:\/\/api.w.org\/{rel}","templated":true}]}}