                       {"id":44739,"date":"2023-08-04T20:11:51","date_gmt":"2023-08-05T02:11:51","guid":{"rendered":"https:\/\/laultimapalabra.com.mx\/portal\/?p=44739"},"modified":"2023-08-04T20:12:14","modified_gmt":"2023-08-05T02:12:14","slug":"tumba-cableado-y-deja-sin-servicios-varias-calles","status":"publish","type":"post","link":"https:\/\/laultimapalabra.com.mx\/portal\/tumba-cableado-y-deja-sin-servicios-varias-calles\/","title":{"rendered":"Tumba cableado y deja sin servicios varias calles"},"content":{"rendered":"\n<p>Cadereyta Jim\u00e9nez, N.L.-La tarde de este viernes un cami\u00f3n de Servicios P\u00fablicos, tumb\u00f3 varios cables dejando sin energ\u00eda el\u00e9ctrica y telefon\u00eda a varias calles de la zona centro de Cadereyta.<br \/>El cami\u00f3n que es usado para la reparaci\u00f3n de luminarias circulaba por la calle Hidalgo entre las calles Martin de Zavala y Joaquin Valle cuando sucedi\u00f3 el incidente.<br \/>La camioneta en color blanco con placas de circulaci\u00f3n<br \/>RL-0359-A qued\u00f3 enredada entre los cables y se espera hagan el reporte a las diferentes dependencias para restablecer los servicios de los vecinos afectados.<\/p>\n\n\n\n<figure class=\"wp-block-image size-large\"><img loading=\"lazy\" decoding=\"async\" width=\"1024\" height=\"683\" src=\"https:\/\/laultimapalabra.com.mx\/portal\/wp-content\/uploads\/2023\/08\/picsart_23-08-04_20-03-47-9098619935752162990866-1024x683.jpg\" alt=\"\" class=\"wp-image-44738\" srcset=\"https:\/\/laultimapalabra.com.mx\/portal\/wp-content\/uploads\/2023\/08\/picsart_23-08-04_20-03-47-9098619935752162990866-1024x683.jpg 1024w, https:\/\/laultimapalabra.com.mx\/portal\/wp-content\/uploads\/2023\/08\/picsart_23-08-04_20-03-47-9098619935752162990866-300x200.jpg 300w, https:\/\/laultimapalabra.com.mx\/portal\/wp-content\/uploads\/2023\/08\/picsart_23-08-04_20-03-47-9098619935752162990866-768x512.jpg 768w, https:\/\/laultimapalabra.com.mx\/portal\/wp-content\/uploads\/2023\/08\/picsart_23-08-04_20-03-47-9098619935752162990866-1536x1024.jpg 1536w, https:\/\/laultimapalabra.com.mx\/portal\/wp-content\/uploads\/2023\/08\/picsart_23-08-04_20-03-47-9098619935752162990866.jpg 1620w\" sizes=\"auto, (max-width: 1024px) 100vw, 1024px\" \/><\/figure>\n\n\n\n<figure class=\"wp-block-image\"><img loading=\"lazy\" decoding=\"async\" width=\"768\" height=\"1024\" src=\"https:\/\/laultimapalabra.com.mx\/portal\/wp-content\/uploads\/2023\/08\/picsart_23-08-04_20-06-16-8148424885010627332215-768x1024.jpg\" alt=\"\" class=\"wp-image-44737\" srcset=\"https:\/\/laultimapalabra.com.mx\/portal\/wp-content\/uploads\/2023\/08\/picsart_23-08-04_20-06-16-8148424885010627332215-768x1024.jpg 768w, https:\/\/laultimapalabra.com.mx\/portal\/wp-content\/uploads\/2023\/08\/picsart_23-08-04_20-06-16-8148424885010627332215-225x300.jpg 225w, https:\/\/laultimapalabra.com.mx\/portal\/wp-content\/uploads\/2023\/08\/picsart_23-08-04_20-06-16-8148424885010627332215-1152x1536.jpg 1152w, https:\/\/laultimapalabra.com.mx\/portal\/wp-content\/uploads\/2023\/08\/picsart_23-08-04_20-06-16-8148424885010627332215.jpg 1200w\" sizes=\"auto, (max-width: 768px) 100vw, 768px\" \/><\/figure>\n","protected":false},"excerpt":{"rendered":"<p>Cadereyta Jim\u00e9nez, N.L.-La tarde de este viernes un cami\u00f3n de Servicios P\u00fablicos, tumb\u00f3 varios cables dejando sin energ\u00eda el\u00e9ctrica y telefon\u00eda a varias calles de la zona centro de Cadereyta.El cami\u00f3n que es usado para la reparaci\u00f3n de luminarias circulaba por la calle Hidalgo entre las calles Martin de Zavala y Joaquin Valle cuando sucedi\u00f3 [&hellip;]<\/p>\n","protected":false},"author":7,"featured_media":44736,"comment_status":"closed","ping_status":"closed","sticky":false,"template":"","format":"standard","meta":{"footnotes":""},"categories":[17],"tags":[8716,8717,8715,8718],"class_list":["post-44739","post","type-post","status-publish","format-standard","has-post-thumbnail","hentry","category-locales-cadereyta","tag-deja-sin-servicios","tag-sin-energia-electrica","tag-tomba-cableado","tag-vecinos-afectados"],"_links":{"self":[{"href":"https:\/\/laultimapalabra.com.mx\/portal\/wp-json\/wp\/v2\/posts\/44739","targetHints":{"allow":["GET"]}}],"collection":[{"href":"https:\/\/laultimapalabra.com.mx\/portal\/wp-json\/wp\/v2\/posts"}],"about":[{"href":"https:\/\/laultimapalabra.com.mx\/portal\/wp-json\/wp\/v2\/types\/post"}],"author":[{"embeddable":true,"href":"https:\/\/laultimapalabra.com.mx\/portal\/wp-json\/wp\/v2\/users\/7"}],"replies":[{"embeddable":true,"href":"https:\/\/laultimapalabra.com.mx\/portal\/wp-json\/wp\/v2\/comments?post=44739"}],"version-history":[{"count":1,"href":"https:\/\/laultimapalabra.com.mx\/portal\/wp-json\/wp\/v2\/posts\/44739\/revisions"}],"predecessor-version":[{"id":44740,"href":"https:\/\/laultimapalabra.com.mx\/portal\/wp-json\/wp\/v2\/posts\/44739\/revisions\/44740"}],"wp:featuredmedia":[{"embeddable":true,"href":"https:\/\/laultimapalabra.com.mx\/portal\/wp-json\/wp\/v2\/media\/44736"}],"wp:attachment":[{"href":"https:\/\/laultimapalabra.com.mx\/portal\/wp-json\/wp\/v2\/media?parent=44739"}],"wp:term":[{"taxonomy":"category","embeddable":true,"href":"https:\/\/laultimapalabra.com.mx\/portal\/wp-json\/wp\/v2\/categories?post=44739"},{"taxonomy":"post_tag","embeddable":true,"href":"https:\/\/laultimapalabra.com.mx\/portal\/wp-json\/wp\/v2\/tags?post=44739"}],"curies":[{"name":"wp","href":"https:\/\/api.w.org\/{rel}","templated":true}]}}