                       {"id":44808,"date":"2023-08-07T14:04:52","date_gmt":"2023-08-07T20:04:52","guid":{"rendered":"https:\/\/laultimapalabra.com.mx\/portal\/?p=44808"},"modified":"2023-08-07T14:04:52","modified_gmt":"2023-08-07T20:04:52","slug":"acusa-xochitl-mano-negra-en-firmas-del-frente-amplio","status":"publish","type":"post","link":"https:\/\/laultimapalabra.com.mx\/portal\/acusa-xochitl-mano-negra-en-firmas-del-frente-amplio\/","title":{"rendered":"Acusa X\u00f3chitl \u2018mano negra\u2019 en firmas del Frente Amplio"},"content":{"rendered":"<p>Ciudad de M\u00e9xico.- X\u00f3chitl G\u00e1lvez, senadora y aspirante a la Presidencia por el Frente Amplio por M\u00e9xico, acus\u00f3 que el proceso de acopio de firmas es \u201craro\u201d y se\u00f1al\u00f3 que los partidos, incluso el PAN donde ella milita, apoyan a sus contrincantes dentro de la misma coalici\u00f3n opositora.<\/p>\n<p>En una conferencia acompa\u00f1ada por l\u00edderes de PAN, PRI y PRD en Sinaloa, G\u00e1lvez expres\u00f3 su preocupaci\u00f3n sobre la modificaci\u00f3n aprobada por el Comit\u00e9 Organizador del Frente, que permite el registro de apoyos mediante credenciales y fotos digitales, lo que, seg\u00fan ella, ha beneficiado a aspirantes que no realizan campa\u00f1as p\u00fablicas.<\/p>\n<p>Los aspirantes del Frente Amplio por M\u00e9xico tienen hasta el 8 de agosto para registrar firmas como parte del proceso.<\/p>\n<p>\u201cMe preocupa el tema de las firmas, que en mi caso llevo 18 estados recorridos y le he echado todas las ganas del mundo busc\u00e1ndolas, pero este cambio que hicieron en la plataforma para que puedas dar de alta firmas con la credencial y foto est\u00e1 provocando una captura masiva de firmas que s\u00ed me pareci\u00f3 un poco rara.<\/p>\n<p>Personajes que tienen 100 mil firmas y que no los veo en la calle buscando las firmas, siento que empez\u00f3 a haber alguien que est\u00e1 juntando firmas para muchos candidatos, sin hacer este proceso ciudadano que nosotros s\u00ed estamos haciendo\u201d, dijo la aspirante panista.<\/p>\n<p>Reproch\u00f3 que PRI y PRD y hasta el PAN, donde milita, privilegiaron a sus aspirantes en la b\u00fasqueda de firmas.<\/p>\n<p>\u201cPido a todas las familias que ya me dieron su firma, que son 410 mil, que traten de conseguir una o dos m\u00e1s para poder llegar a la selecci\u00f3n el 3 de septiembre con mucha fortaleza, porque por la \u00fanica raz\u00f3n que estoy aqu\u00ed es por los ciudadanos.<\/p>\n<p>No tengo estructuras poderosas, ojal\u00e1, aqu\u00ed hay tres partidos, que tambi\u00e9n me apoyen con firmas, entiendo que privilegiaron a sus candidatos militantes, a Beatriz, a Enrique, a Santiago, a Silvano, h\u00e1ganme suya, ser\u00e9 una persona echada para adelante, pero aparte de ciudadanos necesito de los partidos\u201d, reconoci\u00f3 la senadora.<\/p>\n<p>FUENTE: ABC NOTICIAS<\/p>\n<p>FOTO: expansi\u00f3n pol\u00edtica<\/p>\n","protected":false},"excerpt":{"rendered":"<p>Ciudad de M\u00e9xico.- X\u00f3chitl G\u00e1lvez, senadora y aspirante a la Presidencia por el Frente Amplio por M\u00e9xico, acus\u00f3 que el proceso de acopio de firmas es \u201craro\u201d y se\u00f1al\u00f3 que los partidos, incluso el PAN donde ella milita, apoyan a sus contrincantes dentro de la misma coalici\u00f3n opositora. En una conferencia acompa\u00f1ada por l\u00edderes de [&hellip;]<\/p>\n","protected":false},"author":9,"featured_media":44809,"comment_status":"closed","ping_status":"closed","sticky":false,"template":"","format":"standard","meta":{"footnotes":""},"categories":[19],"tags":[8740,5859,8346],"class_list":["post-44808","post","type-post","status-publish","format-standard","has-post-thumbnail","hentry","category-nacional","tag-acusa-mano-negra-en-firmas-del-frente-amplio","tag-ultimas-noticias","tag-xochitlgalvez"],"_links":{"self":[{"href":"https:\/\/laultimapalabra.com.mx\/portal\/wp-json\/wp\/v2\/posts\/44808","targetHints":{"allow":["GET"]}}],"collection":[{"href":"https:\/\/laultimapalabra.com.mx\/portal\/wp-json\/wp\/v2\/posts"}],"about":[{"href":"https:\/\/laultimapalabra.com.mx\/portal\/wp-json\/wp\/v2\/types\/post"}],"author":[{"embeddable":true,"href":"https:\/\/laultimapalabra.com.mx\/portal\/wp-json\/wp\/v2\/users\/9"}],"replies":[{"embeddable":true,"href":"https:\/\/laultimapalabra.com.mx\/portal\/wp-json\/wp\/v2\/comments?post=44808"}],"version-history":[{"count":1,"href":"https:\/\/laultimapalabra.com.mx\/portal\/wp-json\/wp\/v2\/posts\/44808\/revisions"}],"predecessor-version":[{"id":44810,"href":"https:\/\/laultimapalabra.com.mx\/portal\/wp-json\/wp\/v2\/posts\/44808\/revisions\/44810"}],"wp:featuredmedia":[{"embeddable":true,"href":"https:\/\/laultimapalabra.com.mx\/portal\/wp-json\/wp\/v2\/media\/44809"}],"wp:attachment":[{"href":"https:\/\/laultimapalabra.com.mx\/portal\/wp-json\/wp\/v2\/media?parent=44808"}],"wp:term":[{"taxonomy":"category","embeddable":true,"href":"https:\/\/laultimapalabra.com.mx\/portal\/wp-json\/wp\/v2\/categories?post=44808"},{"taxonomy":"post_tag","embeddable":true,"href":"https:\/\/laultimapalabra.com.mx\/portal\/wp-json\/wp\/v2\/tags?post=44808"}],"curies":[{"name":"wp","href":"https:\/\/api.w.org\/{rel}","templated":true}]}}