                       {"id":44835,"date":"2023-08-08T12:15:48","date_gmt":"2023-08-08T18:15:48","guid":{"rendered":"https:\/\/laultimapalabra.com.mx\/portal\/?p=44835"},"modified":"2023-08-08T12:15:48","modified_gmt":"2023-08-08T18:15:48","slug":"sectarios-y-politiqueros-los-gobernadores-que-rechazan-ltg-amlo","status":"publish","type":"post","link":"https:\/\/laultimapalabra.com.mx\/portal\/sectarios-y-politiqueros-los-gobernadores-que-rechazan-ltg-amlo\/","title":{"rendered":"Sectarios y politiqueros, los gobernadores que rechazan LTG: AMLO"},"content":{"rendered":"<p>CDMX.- El presidente Andr\u00e9s Manuel L\u00f3pez Obrador afirm\u00f3 este martes que los gobernadores de Chihuahua (PAN), Coahuila (PRI), Jalisco (MC) y Guanajuato (PAN), que han anunciado que no distribuir\u00e1n los libros de texto gratuito para el pr\u00f3ximo ciclo escolar, est\u00e1n actuando de manera sectaria y politiquera, y que podr\u00edan incurrir en una violaci\u00f3n a la Constituci\u00f3n.<\/p>\n<p>Asever\u00f3 que ser\u00e1 \u201cla gente la que decida\u201d sobre los libros, pero adelant\u00f3 que el Gobierno Federal defender\u00e1 su facultad legal para que los libros lleguen a las escuelas.<\/p>\n<p>Cuestionado en su conferencia de prensa ma\u00f1anera sobre el anuncio hecho por los gobernadores de los estados mencionados, que rechazaron entregar los libros mientras no se resuelvan los amparos interpuestos por la Uni\u00f3n Nacional de Padres de Familia (UNPF), L\u00f3pez Obrador se\u00f1al\u00f3: \u201cVamos a ver qu\u00e9 opina la gente, se van a ir expresando, manifestando, si est\u00e1n de acuerdo o no est\u00e1n de acuerdo, aparte del proceso legal, pues tenemos nosotros la facultad para llevar a cabo la elaboraci\u00f3n de los libros de texto\u201d.<\/p>\n<p>En Palacio Nacional, asegur\u00f3 que su gobierno esperar\u00e1 a que inicie formalmente el proceso de distribuci\u00f3n y entrega de los libros, y que entonces podr\u00eda buscar v\u00edas legales para que se cumpla con la entrega de los textos.<\/p>\n<p>Resalt\u00f3 que el dise\u00f1o y distribuci\u00f3n de los libros son una facultad del Ejecutivo, por lo que impedir su entrega \u201cser\u00eda pues una actitud contraria a la Constituci\u00f3n, un acto inconstitucional\u201d.<\/p>\n<p>Rechaz\u00f3 las cr\u00edticas al contenido de los libros y dijo que se trata de \u201cuna campa\u00f1a difamatoria del conservadurismo, sin sustento\u201d y reiter\u00f3 que este mismo martes la Secretar\u00eda de Educaci\u00f3n P\u00fablica (SEP) dar\u00e1 a conocer todos los contenidos.<\/p>\n<p>\u201cHablan de que con los libros se va a inyectar el virus del comunismo. La verdad, es grotesco, es un absurdo. No s\u00f3lo no tienen sustento, sino que es un pronunciamiento extremista, irracional, de mala fe\u201d, declar\u00f3.<\/p>\n<p>\u201cEntonces, por eso, se va a dar a conocer qu\u00e9 contienen los libros, que fueron hechos por maestras, maestros, pedagogos, especialistas, y es una reacci\u00f3n, ya lo hemos dicho antes, muy parecida a lo que hicieron los conservadores cuando se inici\u00f3 la distribuci\u00f3n de los libros de texto gratuitos durante el gobierno del presidente Adolfo L\u00f3pez Mateos, cuando tambi\u00e9n algunos estados se manifestaron en contra, casi son los mismos y las mismas organizaciones de derecha, muy conservadores\u201d, opin\u00f3.<\/p>\n<p>FUENTE: LA JORNADA<\/p>\n<p>FOTO: CUARTOSCURO\/ ARCHIVO<\/p>\n","protected":false},"excerpt":{"rendered":"<p>CDMX.- El presidente Andr\u00e9s Manuel L\u00f3pez Obrador afirm\u00f3 este martes que los gobernadores de Chihuahua (PAN), Coahuila (PRI), Jalisco (MC) y Guanajuato (PAN), que han anunciado que no distribuir\u00e1n los libros de texto gratuito para el pr\u00f3ximo ciclo escolar, est\u00e1n actuando de manera sectaria y politiquera, y que podr\u00edan incurrir en una violaci\u00f3n a la [&hellip;]<\/p>\n","protected":false},"author":9,"featured_media":44836,"comment_status":"closed","ping_status":"closed","sticky":false,"template":"","format":"standard","meta":{"footnotes":""},"categories":[19],"tags":[124,8747,8619,5859],"class_list":["post-44835","post","type-post","status-publish","format-standard","has-post-thumbnail","hentry","category-nacional","tag-amlo","tag-gobernadores","tag-librosdetexto","tag-ultimas-noticias"],"_links":{"self":[{"href":"https:\/\/laultimapalabra.com.mx\/portal\/wp-json\/wp\/v2\/posts\/44835","targetHints":{"allow":["GET"]}}],"collection":[{"href":"https:\/\/laultimapalabra.com.mx\/portal\/wp-json\/wp\/v2\/posts"}],"about":[{"href":"https:\/\/laultimapalabra.com.mx\/portal\/wp-json\/wp\/v2\/types\/post"}],"author":[{"embeddable":true,"href":"https:\/\/laultimapalabra.com.mx\/portal\/wp-json\/wp\/v2\/users\/9"}],"replies":[{"embeddable":true,"href":"https:\/\/laultimapalabra.com.mx\/portal\/wp-json\/wp\/v2\/comments?post=44835"}],"version-history":[{"count":1,"href":"https:\/\/laultimapalabra.com.mx\/portal\/wp-json\/wp\/v2\/posts\/44835\/revisions"}],"predecessor-version":[{"id":44837,"href":"https:\/\/laultimapalabra.com.mx\/portal\/wp-json\/wp\/v2\/posts\/44835\/revisions\/44837"}],"wp:featuredmedia":[{"embeddable":true,"href":"https:\/\/laultimapalabra.com.mx\/portal\/wp-json\/wp\/v2\/media\/44836"}],"wp:attachment":[{"href":"https:\/\/laultimapalabra.com.mx\/portal\/wp-json\/wp\/v2\/media?parent=44835"}],"wp:term":[{"taxonomy":"category","embeddable":true,"href":"https:\/\/laultimapalabra.com.mx\/portal\/wp-json\/wp\/v2\/categories?post=44835"},{"taxonomy":"post_tag","embeddable":true,"href":"https:\/\/laultimapalabra.com.mx\/portal\/wp-json\/wp\/v2\/tags?post=44835"}],"curies":[{"name":"wp","href":"https:\/\/api.w.org\/{rel}","templated":true}]}}