                       {"id":44838,"date":"2023-08-08T12:19:23","date_gmt":"2023-08-08T18:19:23","guid":{"rendered":"https:\/\/laultimapalabra.com.mx\/portal\/?p=44838"},"modified":"2023-08-08T12:19:23","modified_gmt":"2023-08-08T18:19:23","slug":"a-mas-tardar-en-noviembre-comenzara-a-operar-dos-bocas-amlo","status":"publish","type":"post","link":"https:\/\/laultimapalabra.com.mx\/portal\/a-mas-tardar-en-noviembre-comenzara-a-operar-dos-bocas-amlo\/","title":{"rendered":"A m\u00e1s tardar en noviembre comenzar\u00e1 a operar Dos Bocas: AMLO"},"content":{"rendered":"<p>CDMX.- A m\u00e1s tardar en noviembre empezar\u00e1 a operar la refiner\u00eda de Dos Bocas, asegur\u00f3 este martes el presidente Andr\u00e9s Manuel L\u00f3pez Obrador.<\/p>\n<p>Si bien las autoridades hab\u00edan indicado que en ese mes la planta estar\u00eda operando a su m\u00e1xima capacidad, el Mandatario precis\u00f3 en su conferencia de prensa ma\u00f1anera que las operaciones iniciar\u00e1n con una producci\u00f3n de la mitad de la capacidad y que en diciembre o enero trabajar\u00e1 al cien por ciento, y reconoci\u00f3 que su gobierno no alcanzar\u00e1 a llevar el tren a la refiner\u00eda.<\/p>\n<p>L\u00f3pez Obrador adelant\u00f3 en Palacio Nacional que dejar\u00e1 a quien lo sustituya en el cargo una serie de observaciones \u201cmuy respetuosas\u201d para que contin\u00faen las obras p\u00fablicas en el pa\u00eds y con ellas la creaci\u00f3n de puestos de trabajo.<\/p>\n<p>Por otra parte, L\u00f3pez Obrador destac\u00f3 que en el norte del pa\u00eds hay muchas posibilidades de desarrollo, pero dijo que se tiene que cuidar el ordenamiento del crecimiento, debido a la escasez de agua y mostr\u00f3 mapas que indican que hay falta del l\u00edquido en distintas partes del pa\u00eds, en particular en las regiones norte\u00f1as.<\/p>\n<p>\u201cTodo esto lo tienen que seguir viendo quienes me sustituyan\u201d, expres\u00f3. \u201cLe voy a dejar a quien me sustituya, hombre o mujer, mis puntos de vista, muy respetuosos, algunos esbozos de los que se requiere seguir haciendo\u201d, dijo.<\/p>\n<p>En referencia a Dos Bocas, el Mandatario asegur\u00f3 que \u201cno hay ning\u00fan caso en el mundo en el que se haya construido una refiner\u00eda con estas capacidades en tan poco tiempo\u201d.<\/p>\n<p>\u201cSiempre las obras exceden los plazos de gobierno, pero esta obra la estamos concluyendo en cinco a\u00f1os, menos de cinco a\u00f1os, cuatro a\u00f1os y medio, y es una obra magna\u201d, destac\u00f3.<\/p>\n<p>\u201cVamos a obtener con ella 280 mil barriles de gasolinas, el 25 por ciento de toda la gasolina que consumimos en el pa\u00eds, para que se dimensione lo que significa, es una inversi\u00f3n de alrededor de 14 mil millones de d\u00f3lares, sin cr\u00e9ditos, con presupuesto p\u00fablico, con dinero del pueblo\u201d, enfatiz\u00f3, y dijo que con este proyecto, la refiner\u00eda adquirida de Deer Park, Texas, y las coquizadoras que se construyen en Salina Cruz y Tula, el plan es que el pr\u00f3ximo a\u00f1o el pa\u00eds no tenga que importar gasolinas.<\/p>\n<p>Reconoci\u00f3 que a su gobierno no le dar\u00e1 tiempo de hacer la conexi\u00f3n ferroviaria de la refiner\u00eda de Dos Bocas con la Red Ferroviaria Nacional, pues dijo que se cuenta apenas con la mitad del derecho de v\u00eda de los casi 100 kil\u00f3metros por donde pasar\u00eda el tren.<\/p>\n<p>FUENTE: LA JORNADA<\/p>\n<p>FOTO: LA JORNADA<\/p>\n","protected":false},"excerpt":{"rendered":"<p>CDMX.- A m\u00e1s tardar en noviembre empezar\u00e1 a operar la refiner\u00eda de Dos Bocas, asegur\u00f3 este martes el presidente Andr\u00e9s Manuel L\u00f3pez Obrador. Si bien las autoridades hab\u00edan indicado que en ese mes la planta estar\u00eda operando a su m\u00e1xima capacidad, el Mandatario precis\u00f3 en su conferencia de prensa ma\u00f1anera que las operaciones iniciar\u00e1n con [&hellip;]<\/p>\n","protected":false},"author":9,"featured_media":44839,"comment_status":"closed","ping_status":"closed","sticky":false,"template":"","format":"standard","meta":{"footnotes":""},"categories":[19],"tags":[8748,4220,5859],"class_list":["post-44838","post","type-post","status-publish","format-standard","has-post-thumbnail","hentry","category-nacional","tag-amlo-dosbocas","tag-refineria","tag-ultimas-noticias"],"_links":{"self":[{"href":"https:\/\/laultimapalabra.com.mx\/portal\/wp-json\/wp\/v2\/posts\/44838","targetHints":{"allow":["GET"]}}],"collection":[{"href":"https:\/\/laultimapalabra.com.mx\/portal\/wp-json\/wp\/v2\/posts"}],"about":[{"href":"https:\/\/laultimapalabra.com.mx\/portal\/wp-json\/wp\/v2\/types\/post"}],"author":[{"embeddable":true,"href":"https:\/\/laultimapalabra.com.mx\/portal\/wp-json\/wp\/v2\/users\/9"}],"replies":[{"embeddable":true,"href":"https:\/\/laultimapalabra.com.mx\/portal\/wp-json\/wp\/v2\/comments?post=44838"}],"version-history":[{"count":1,"href":"https:\/\/laultimapalabra.com.mx\/portal\/wp-json\/wp\/v2\/posts\/44838\/revisions"}],"predecessor-version":[{"id":44840,"href":"https:\/\/laultimapalabra.com.mx\/portal\/wp-json\/wp\/v2\/posts\/44838\/revisions\/44840"}],"wp:featuredmedia":[{"embeddable":true,"href":"https:\/\/laultimapalabra.com.mx\/portal\/wp-json\/wp\/v2\/media\/44839"}],"wp:attachment":[{"href":"https:\/\/laultimapalabra.com.mx\/portal\/wp-json\/wp\/v2\/media?parent=44838"}],"wp:term":[{"taxonomy":"category","embeddable":true,"href":"https:\/\/laultimapalabra.com.mx\/portal\/wp-json\/wp\/v2\/categories?post=44838"},{"taxonomy":"post_tag","embeddable":true,"href":"https:\/\/laultimapalabra.com.mx\/portal\/wp-json\/wp\/v2\/tags?post=44838"}],"curies":[{"name":"wp","href":"https:\/\/api.w.org\/{rel}","templated":true}]}}