                       {"id":44844,"date":"2023-08-08T12:36:49","date_gmt":"2023-08-08T18:36:49","guid":{"rendered":"https:\/\/laultimapalabra.com.mx\/portal\/?p=44844"},"modified":"2023-08-08T12:36:49","modified_gmt":"2023-08-08T18:36:49","slug":"nina-pierde-uno-de-sus-brazos-al-caer-de-una-motocicleta-en-movimiento","status":"publish","type":"post","link":"https:\/\/laultimapalabra.com.mx\/portal\/nina-pierde-uno-de-sus-brazos-al-caer-de-una-motocicleta-en-movimiento\/","title":{"rendered":"Ni\u00f1a pierde uno de sus brazos al caer de una motocicleta en movimiento"},"content":{"rendered":"<p>Ecuador.- Una ni\u00f1a identificada como Josselin Analia perdi\u00f3 uno de sus brazos luego de caer de una motocicleta en movimiento.<\/p>\n<p>Los hechos ocurrieron en la provincia de El Oro, en Ecuador.<\/p>\n<p>El momento qued\u00f3 grabado por una c\u00e1mara de seguridad de la zona.<\/p>\n<p>El video fue publicado en redes sociales donde r\u00e1pidamente se viraliz\u00f3. En las imagenes es posible observar como la ni\u00f1a viajaba en una motocicleta, en la cual tambi\u00e9n iban a bordo otros dos ni\u00f1os. El veh\u00edculo era conducido por un hombre.<\/p>\n<p>Mientras la motocicleta iba en movimiento, Josselin quien se encontraba en medio de los otros dos ni\u00f1os, cay\u00f3 y su brazo qued\u00f3 atrapado en la llanta trasera de la motocicleta.<\/p>\n<p>Josselin no pod\u00eda ponerse de pie, pues su brazo segu\u00eda prensado por el neum\u00e1tico. R\u00e1pidamente el conductor del veh\u00edculo se percat\u00f3 de ello y descendi\u00f3 de la unidad para poder ayudar a la menor.<\/p>\n<p>Visiblemente desesperado, el hombre comenz\u00f3 a mover la motocicleta hasta logar poner la unidad de lado. Despu\u00e9s de algunos movimientos, pudo liberar a la ni\u00f1a, sin embargo, el brazo de Josselin qued\u00f3 atorado en la llanta de la motocicleta.<\/p>\n<p>Tras zafarse de la motocicleta, Josselin caminaba de un lado a otro, producto de la desesperaci\u00f3n y el dolor.<\/p>\n<p>Por su parte, el hombre que conduc\u00eda el veh\u00edculo intentaba zafar de entre el neum\u00e1tico lo que parece ser un su\u00e9ter para usarlo como una especie de manta que cubriera la herida expuesta de Josselin. Los otros dos ni\u00f1os que viajaban en la motocicleta resultaron ilesos, pese a que uno de ellos cay\u00f3 durante el percance.<\/p>\n<p>Despu\u00e9s del accidente, la familia de Josselin realiz\u00f3 el pasado 6 de agosto un evento para recaudar fondos que permitan brindarle a la ni\u00f1a un tratamiento que mejore su calidad de vida.<\/p>\n<p>A trav\u00e9s del evento \u201cMarat\u00f3n solidaria, unidos por Josselin\u201d, los familiares buscaron que las personas realizaran alguna donaci\u00f3n dirigidos a la recuperaci\u00f3n de Josselin, quien apenas tiene 11 a\u00f1os de edad.<\/p>\n<p>FUENTE: ABC NOTICIAS<\/p>\n<p>Foto: abc noticias<\/p>\n","protected":false},"excerpt":{"rendered":"<p>Ecuador.- Una ni\u00f1a identificada como Josselin Analia perdi\u00f3 uno de sus brazos luego de caer de una motocicleta en movimiento. Los hechos ocurrieron en la provincia de El Oro, en Ecuador. El momento qued\u00f3 grabado por una c\u00e1mara de seguridad de la zona. El video fue publicado en redes sociales donde r\u00e1pidamente se viraliz\u00f3. En [&hellip;]<\/p>\n","protected":false},"author":9,"featured_media":44845,"comment_status":"closed","ping_status":"closed","sticky":false,"template":"","format":"standard","meta":{"footnotes":""},"categories":[16],"tags":[4196,4313,5859],"class_list":["post-44844","post","type-post","status-publish","format-standard","has-post-thumbnail","hentry","category-internacional","tag-accidente","tag-ninos","tag-ultimas-noticias"],"_links":{"self":[{"href":"https:\/\/laultimapalabra.com.mx\/portal\/wp-json\/wp\/v2\/posts\/44844","targetHints":{"allow":["GET"]}}],"collection":[{"href":"https:\/\/laultimapalabra.com.mx\/portal\/wp-json\/wp\/v2\/posts"}],"about":[{"href":"https:\/\/laultimapalabra.com.mx\/portal\/wp-json\/wp\/v2\/types\/post"}],"author":[{"embeddable":true,"href":"https:\/\/laultimapalabra.com.mx\/portal\/wp-json\/wp\/v2\/users\/9"}],"replies":[{"embeddable":true,"href":"https:\/\/laultimapalabra.com.mx\/portal\/wp-json\/wp\/v2\/comments?post=44844"}],"version-history":[{"count":1,"href":"https:\/\/laultimapalabra.com.mx\/portal\/wp-json\/wp\/v2\/posts\/44844\/revisions"}],"predecessor-version":[{"id":44846,"href":"https:\/\/laultimapalabra.com.mx\/portal\/wp-json\/wp\/v2\/posts\/44844\/revisions\/44846"}],"wp:featuredmedia":[{"embeddable":true,"href":"https:\/\/laultimapalabra.com.mx\/portal\/wp-json\/wp\/v2\/media\/44845"}],"wp:attachment":[{"href":"https:\/\/laultimapalabra.com.mx\/portal\/wp-json\/wp\/v2\/media?parent=44844"}],"wp:term":[{"taxonomy":"category","embeddable":true,"href":"https:\/\/laultimapalabra.com.mx\/portal\/wp-json\/wp\/v2\/categories?post=44844"},{"taxonomy":"post_tag","embeddable":true,"href":"https:\/\/laultimapalabra.com.mx\/portal\/wp-json\/wp\/v2\/tags?post=44844"}],"curies":[{"name":"wp","href":"https:\/\/api.w.org\/{rel}","templated":true}]}}