                       {"id":44886,"date":"2023-08-09T13:28:27","date_gmt":"2023-08-09T19:28:27","guid":{"rendered":"https:\/\/laultimapalabra.com.mx\/portal\/?p=44886"},"modified":"2023-08-09T13:28:27","modified_gmt":"2023-08-09T19:28:27","slug":"hoy-se-celebra-el-dia-internacional-de-los-pueblos-indigenas","status":"publish","type":"post","link":"https:\/\/laultimapalabra.com.mx\/portal\/hoy-se-celebra-el-dia-internacional-de-los-pueblos-indigenas\/","title":{"rendered":"Hoy se celebra el D\u00eda Internacional de los Pueblos Ind\u00edgenas"},"content":{"rendered":"<p>Ciudad de M\u00e9xico.- El 9 de agosto marca un d\u00eda de profunda importancia en el calendario global: el D\u00eda Internacional de los Pueblos Ind\u00edgenas.<\/p>\n<p>Esta efem\u00e9ride conmemorativa, establecida por la Asamblea General de las Naciones Unidas en 1994, tiene como objetivo reconocer y celebrar la diversidad cultural, la historia y las contribuciones de los pueblos ind\u00edgenas de todo el mundo, adem\u00e1s, es un momento crucial para resaltar las luchas que enfrentan estos pueblos en su b\u00fasqueda de derechos, tierras y autodeterminaci\u00f3n.<\/p>\n<p>Desde entonces, este d\u00eda ha servido como plataforma para abogar por la protecci\u00f3n de los derechos humanos y culturales de los pueblos ind\u00edgenas, as\u00ed como para destacar sus contribuciones a la diversidad cultural.<\/p>\n<p>A pesar de los avances en la conciencia y la promoci\u00f3n de los derechos ind\u00edgenas, muchas comunidades ind\u00edgenas todav\u00eda enfrentan luchas significativas.<\/p>\n<p>La p\u00e9rdida de tierras ancestrales, la discriminaci\u00f3n, la falta de acceso a servicios b\u00e1sicos y la preservaci\u00f3n de su identidad cultural son desaf\u00edos persistentes.<\/p>\n<p>Seg\u00fan los datos recogidos por Naciones Unidas, los pueblos originarios suponen alrededor de 370 millones de personas repartidas en 5 mil grupos a lo largo de 70 pa\u00edses.<\/p>\n<p>Sin embargo, al mismo tiempo, suman el 15 por ciento de las personas m\u00e1s pobres del planeta.<\/p>\n<p>Este d\u00eda tambi\u00e9n es una celebraci\u00f3n de la rica diversidad cultural y la herencia de los pueblos ind\u00edgenas.<\/p>\n<p>A lo largo y ancho del planeta, se llevan a cabo eventos, ceremonias y festivales que resaltan la m\u00fasica, el arte, la danza, la comida y las tradiciones \u00fanicas de estas comunidades.<\/p>\n<p>Y en M\u00e9xico\u2026<\/p>\n<p>La naci\u00f3n mexicana alberga una asombrosa diversidad de pueblos ind\u00edgenas, cada uno con su propia lengua, costumbres y cosmovisiones \u00fanicas.<\/p>\n<p>Desde los mayas en la Pen\u00ednsula de Yucat\u00e1n, hasta los n\u00e1huatl en el centro del pa\u00eds, y los zapotecas en Oaxaca, la riqueza cultural que estas comunidades representan es inigualable.<\/p>\n<p>En M\u00e9xico hay 25 millones 694 mil 928 personas que se auto adscriben como ind\u00edgenas y eso es muy importante destacar en este momento, ya que equivale aproximadamente al 21 por ciento de la poblaci\u00f3n, resalt\u00f3 el Inali (Instituto Nacional de Lenguas Ind\u00edgenas).<\/p>\n<p>Sin embargo, s\u00f3lo siete millones 382 mil 785 personas mayores hablan alguna lengua originaria, cifra que representa 6.5 por ciento del total de la poblaci\u00f3n.<\/p>\n<p>FUENTE: ABC NOTICIAS<\/p>\n","protected":false},"excerpt":{"rendered":"<p>Ciudad de M\u00e9xico.- El 9 de agosto marca un d\u00eda de profunda importancia en el calendario global: el D\u00eda Internacional de los Pueblos Ind\u00edgenas. Esta efem\u00e9ride conmemorativa, establecida por la Asamblea General de las Naciones Unidas en 1994, tiene como objetivo reconocer y celebrar la diversidad cultural, la historia y las contribuciones de los pueblos [&hellip;]<\/p>\n","protected":false},"author":9,"featured_media":44887,"comment_status":"closed","ping_status":"closed","sticky":false,"template":"","format":"standard","meta":{"footnotes":""},"categories":[16],"tags":[8758,8759,5859],"class_list":["post-44886","post","type-post","status-publish","format-standard","has-post-thumbnail","hentry","category-internacional","tag-dia-internacional","tag-pueblos-indigenas","tag-ultimas-noticias"],"_links":{"self":[{"href":"https:\/\/laultimapalabra.com.mx\/portal\/wp-json\/wp\/v2\/posts\/44886","targetHints":{"allow":["GET"]}}],"collection":[{"href":"https:\/\/laultimapalabra.com.mx\/portal\/wp-json\/wp\/v2\/posts"}],"about":[{"href":"https:\/\/laultimapalabra.com.mx\/portal\/wp-json\/wp\/v2\/types\/post"}],"author":[{"embeddable":true,"href":"https:\/\/laultimapalabra.com.mx\/portal\/wp-json\/wp\/v2\/users\/9"}],"replies":[{"embeddable":true,"href":"https:\/\/laultimapalabra.com.mx\/portal\/wp-json\/wp\/v2\/comments?post=44886"}],"version-history":[{"count":1,"href":"https:\/\/laultimapalabra.com.mx\/portal\/wp-json\/wp\/v2\/posts\/44886\/revisions"}],"predecessor-version":[{"id":44888,"href":"https:\/\/laultimapalabra.com.mx\/portal\/wp-json\/wp\/v2\/posts\/44886\/revisions\/44888"}],"wp:featuredmedia":[{"embeddable":true,"href":"https:\/\/laultimapalabra.com.mx\/portal\/wp-json\/wp\/v2\/media\/44887"}],"wp:attachment":[{"href":"https:\/\/laultimapalabra.com.mx\/portal\/wp-json\/wp\/v2\/media?parent=44886"}],"wp:term":[{"taxonomy":"category","embeddable":true,"href":"https:\/\/laultimapalabra.com.mx\/portal\/wp-json\/wp\/v2\/categories?post=44886"},{"taxonomy":"post_tag","embeddable":true,"href":"https:\/\/laultimapalabra.com.mx\/portal\/wp-json\/wp\/v2\/tags?post=44886"}],"curies":[{"name":"wp","href":"https:\/\/api.w.org\/{rel}","templated":true}]}}