                       {"id":4498,"date":"2018-11-09T01:29:27","date_gmt":"2018-11-09T01:29:27","guid":{"rendered":"http:\/\/laultimapalabra.info\/?p=4498"},"modified":"2024-12-11T08:53:21","modified_gmt":"2024-12-11T14:53:21","slug":"jesus-garcia-corona-el-heroe-de-nacozari","status":"publish","type":"post","link":"https:\/\/laultimapalabra.com.mx\/portal\/jesus-garcia-corona-el-heroe-de-nacozari\/","title":{"rendered":"Jes\u00fas Garc\u00eda Corona\u2026.. \u201cEl h\u00e9roe de Nacozari\u201d"},"content":{"rendered":"<p style=\"text-align: justify;\"><img loading=\"lazy\" decoding=\"async\" class=\"size-medium wp-image-4500 alignright\" src=\"https:\/\/laultimapalabra.com.mx\/portal\/wp-content\/uploads\/2018\/11\/140-208x300.jpg\" alt=\"\" width=\"208\" height=\"300\" \/>Por: Dr. Jos\u00e9 Ascenci\u00f3n Tijerina Flores<\/p>\n<p style=\"text-align: justify;\">Uno de los personajes m\u00e1s destacados de nuestra patria, por el amor demostrado a sus semejantes, sin duda es Jes\u00fas Garc\u00eda Corona bien llamado \u201cEl h\u00e9roe de Nacozari\u201d. Desgraciadamente en el olvido en \u00e9pocas actuales no obstante la demostraci\u00f3n de su comportamiento.<br \/>\nNuestro personaje de hoy muere un 7 de noviembre en el pueblo de Nacozari estado de Sonora en el norte de nuestra patria.<br \/>\nNacido en Hermosillo del mismo estado el 13 de noviembre de 1881. Jes\u00fas se sinti\u00f3 empujado por la necesidad de empleo, la atracci\u00f3n de las v\u00edas del tren y la necesidad de trabajar lo hicieron decidirse a los 17 a\u00f1os de vida solicitar trabajo en la empresa concesionaria del ferrocarril de la minera, entrando a laborar como aguador y en el breve tiempo de 3 a\u00f1os lleg\u00f3 a ser \u201cIng. De m\u00e1quinas\u201d.<br \/>\nEn virtud de su alto desempe\u00f1o, durante el a\u00f1o de 1904 fue premiado con un viaje a San Luis Missuri, hecho que agradeci\u00f3 por siempre.<br \/>\nEl 7 de noviembre de 1907 tom\u00f3 la conducci\u00f3n de un tren que no le correspond\u00eda debido a que Alberto Biel (Conductor oficial de esa m\u00e1quina) no se present\u00f3 al trabajo por estar enfermo, as\u00ed que Jes\u00fas sin pensarlo dos veces abord\u00f3 las m\u00e1quina y de inmediato inici\u00f3 el primero de tres viajes que estaban programados en ese d\u00eda hasta la mina de \u201cPilares\u201d.<br \/>\nFue y vino a Nacozari una vez y cuando iba de regreso en el segundo viaje un mensajero abord\u00f3 el tren en el poblado \u201cEl Seis\u201d avis\u00e1ndole que deb\u00eda trasportar 10 toneladas de p\u00f3lvora hasta la entrada de la mina.<br \/>\nEstacionado en Nacozari, sus cargadores subieron el peligroso explosivo sin acomodarlo debidamente pues estaba demasiado cerca de la m\u00e1quina, as\u00ed que al moverse \u00e9sta las chispa que de forma natural produce el carb\u00f3n cuando se quema azuzadas por el viento, llegaron hasta la parte donde estaba la dinamita y r\u00e1pidamente el fuego se apoder\u00f3 de todo el tren.<br \/>\nIntentando apagarlo por todos los medios pronto se convencieron que la tarea era imposible, as\u00ed que Jes\u00fas le grito a su cuadrilla que le acompa\u00f1aba que saltaran del tren en marcha y el se fue solo conduciendo e imprimi\u00e9ndole toda la velocidad para retirarse de la zona poblada.<br \/>\nA las 14:20 hrs. Se escuch\u00f3 tremenda explosi\u00f3n cuyas ondas expansivas llegaron hasta el pueblo de Nacozari sacudiendo casas y quebrando vidrios, fue tal la magnitud de la detonaci\u00f3n que la locomotora desaparici\u00f3n totalmente.<br \/>\nEn el \u201cSeis\u201d hubo trece muertos entre mujeres ni\u00f1os y obreros que estaban cerca de la v\u00eda, pero en cambio se salvaron varios cientos de pobladores de Nacozari.<br \/>\nPor supuesto Jes\u00fas perdi\u00f3 la vida de manera instant\u00e1nea quedando poco restos de su humanidad para ser identificado, de esta forma desapareci\u00f3 un mexicano que entreg\u00f3 su vida para salvar un pueblo y a sus habitantes.<br \/>\nHoy lo recordamos haciendo justicia a su valor como ciudadano que deja el ejemplo de valent\u00eda y amor a sus semejantes.<br \/>\nGracias<\/p>\n<p style=\"text-align: justify;\">\n","protected":false},"excerpt":{"rendered":"<p>Por: Dr. Jos\u00e9 Ascenci\u00f3n Tijerina Flores Uno de los personajes m\u00e1s destacados de nuestra patria, por el amor demostrado a sus semejantes, sin duda es Jes\u00fas Garc\u00eda Corona bien llamado \u201cEl h\u00e9roe de Nacozari\u201d. Desgraciadamente en el olvido en \u00e9pocas actuales no obstante la demostraci\u00f3n de su comportamiento. Nuestro personaje de hoy muere un 7 [&hellip;]<\/p>\n","protected":false},"author":9,"featured_media":4501,"comment_status":"open","ping_status":"closed","sticky":false,"template":"","format":"standard","meta":{"footnotes":""},"categories":[1],"tags":[879],"class_list":["post-4498","post","type-post","status-publish","format-standard","has-post-thumbnail","hentry","category-noticias","tag-dr-jose-ascencion-tijerina-flores"],"_links":{"self":[{"href":"https:\/\/laultimapalabra.com.mx\/portal\/wp-json\/wp\/v2\/posts\/4498","targetHints":{"allow":["GET"]}}],"collection":[{"href":"https:\/\/laultimapalabra.com.mx\/portal\/wp-json\/wp\/v2\/posts"}],"about":[{"href":"https:\/\/laultimapalabra.com.mx\/portal\/wp-json\/wp\/v2\/types\/post"}],"author":[{"embeddable":true,"href":"https:\/\/laultimapalabra.com.mx\/portal\/wp-json\/wp\/v2\/users\/9"}],"replies":[{"embeddable":true,"href":"https:\/\/laultimapalabra.com.mx\/portal\/wp-json\/wp\/v2\/comments?post=4498"}],"version-history":[{"count":1,"href":"https:\/\/laultimapalabra.com.mx\/portal\/wp-json\/wp\/v2\/posts\/4498\/revisions"}],"predecessor-version":[{"id":65432,"href":"https:\/\/laultimapalabra.com.mx\/portal\/wp-json\/wp\/v2\/posts\/4498\/revisions\/65432"}],"wp:featuredmedia":[{"embeddable":true,"href":"https:\/\/laultimapalabra.com.mx\/portal\/wp-json\/"}],"wp:attachment":[{"href":"https:\/\/laultimapalabra.com.mx\/portal\/wp-json\/wp\/v2\/media?parent=4498"}],"wp:term":[{"taxonomy":"category","embeddable":true,"href":"https:\/\/laultimapalabra.com.mx\/portal\/wp-json\/wp\/v2\/categories?post=4498"},{"taxonomy":"post_tag","embeddable":true,"href":"https:\/\/laultimapalabra.com.mx\/portal\/wp-json\/wp\/v2\/tags?post=4498"}],"curies":[{"name":"wp","href":"https:\/\/api.w.org\/{rel}","templated":true}]}}