                       {"id":45055,"date":"2023-08-11T14:27:34","date_gmt":"2023-08-11T20:27:34","guid":{"rendered":"https:\/\/laultimapalabra.com.mx\/portal\/?p=45055"},"modified":"2023-08-11T14:27:34","modified_gmt":"2023-08-11T20:27:34","slug":"rio-bravo-y-reynosa-sufren-viernes-de-bloqueos-y-balaceras","status":"publish","type":"post","link":"https:\/\/laultimapalabra.com.mx\/portal\/rio-bravo-y-reynosa-sufren-viernes-de-bloqueos-y-balaceras\/","title":{"rendered":"R\u00edo Bravo y Reynosa sufren viernes de bloqueos y balaceras"},"content":{"rendered":"<p>Reynosa, Tamps. \u2013 Una serie de bloqueos y enfrentamientos causaron terror la madrugada de este viernes 11 de agosto en las ciudades de R\u00edo Bravo y Reynosa, Tamaulipas.<\/p>\n<p>Durante las primeras horas de este fin de semana, a la Cocer\u00eda de Seguridad y Protecci\u00f3n Civil de Tamaulipas llegaron diversas llamadas que reportaban detonaciones de arma de fuego, as\u00ed como la presencia de caravanas de veh\u00edculos con civiles armados.<\/p>\n<p>Tambi\u00e9n se hizo saber a las autoridades, que varias unidades de transporte p\u00fablico hab\u00edan sido utilizados para bloquear ciertas carreteras.<\/p>\n<p>En el mismo comunicado, las autoridades confirmaron haber asegurado una camioneta con blindaje artesanal, esto luego de llevar a cabo algunos recorridos en las zonas de riesgo.<\/p>\n<p>Detallaron que el autom\u00f3vil contaba en su interior con cargadores, cartuchos y chalecos t\u00e1cticos, todo esto puesto a disposici\u00f3n de la Fiscal\u00eda General de la Rep\u00fablica.<\/p>\n<p>De acuerdo con medios de comunicaci\u00f3n locales, la Guardia Estatal se moviliz\u00f3 para tratar de atender cada uno de los reportes.<\/p>\n<p>Parte de las acciones hechas fue retirar los camiones utilizados en los bloqueos en la carretera a San Fernando, y luego de entrevistarse con los choferes afectados, \u00e9stos manifestaron haber sido amenazados por hombres armados, quienes los obligaron a obstruir la vialidad.<\/p>\n<p>FUENTE: ABC NOTICIAS<\/p>\n<p>Foto: abc noticias<\/p>\n","protected":false},"excerpt":{"rendered":"<p>Reynosa, Tamps. \u2013 Una serie de bloqueos y enfrentamientos causaron terror la madrugada de este viernes 11 de agosto en las ciudades de R\u00edo Bravo y Reynosa, Tamaulipas. Durante las primeras horas de este fin de semana, a la Cocer\u00eda de Seguridad y Protecci\u00f3n Civil de Tamaulipas llegaron diversas llamadas que reportaban detonaciones de arma [&hellip;]<\/p>\n","protected":false},"author":9,"featured_media":45056,"comment_status":"closed","ping_status":"closed","sticky":false,"template":"","format":"standard","meta":{"footnotes":""},"categories":[19],"tags":[263,7865,8814,5859,8813],"class_list":["post-45055","post","type-post","status-publish","format-standard","has-post-thumbnail","hentry","category-nacional","tag-balaceras","tag-reynosa","tag-rio-bravo","tag-ultimas-noticias","tag-viernes-de-bloqueo"],"_links":{"self":[{"href":"https:\/\/laultimapalabra.com.mx\/portal\/wp-json\/wp\/v2\/posts\/45055","targetHints":{"allow":["GET"]}}],"collection":[{"href":"https:\/\/laultimapalabra.com.mx\/portal\/wp-json\/wp\/v2\/posts"}],"about":[{"href":"https:\/\/laultimapalabra.com.mx\/portal\/wp-json\/wp\/v2\/types\/post"}],"author":[{"embeddable":true,"href":"https:\/\/laultimapalabra.com.mx\/portal\/wp-json\/wp\/v2\/users\/9"}],"replies":[{"embeddable":true,"href":"https:\/\/laultimapalabra.com.mx\/portal\/wp-json\/wp\/v2\/comments?post=45055"}],"version-history":[{"count":1,"href":"https:\/\/laultimapalabra.com.mx\/portal\/wp-json\/wp\/v2\/posts\/45055\/revisions"}],"predecessor-version":[{"id":45057,"href":"https:\/\/laultimapalabra.com.mx\/portal\/wp-json\/wp\/v2\/posts\/45055\/revisions\/45057"}],"wp:featuredmedia":[{"embeddable":true,"href":"https:\/\/laultimapalabra.com.mx\/portal\/wp-json\/wp\/v2\/media\/45056"}],"wp:attachment":[{"href":"https:\/\/laultimapalabra.com.mx\/portal\/wp-json\/wp\/v2\/media?parent=45055"}],"wp:term":[{"taxonomy":"category","embeddable":true,"href":"https:\/\/laultimapalabra.com.mx\/portal\/wp-json\/wp\/v2\/categories?post=45055"},{"taxonomy":"post_tag","embeddable":true,"href":"https:\/\/laultimapalabra.com.mx\/portal\/wp-json\/wp\/v2\/tags?post=45055"}],"curies":[{"name":"wp","href":"https:\/\/api.w.org\/{rel}","templated":true}]}}