                       {"id":45071,"date":"2023-08-12T00:18:58","date_gmt":"2023-08-12T06:18:58","guid":{"rendered":"https:\/\/laultimapalabra.com.mx\/portal\/?p=45071"},"modified":"2023-08-12T00:54:49","modified_gmt":"2023-08-12T06:54:49","slug":"se-graduan-de-preparatoria-alumnos-del-ces","status":"publish","type":"post","link":"https:\/\/laultimapalabra.com.mx\/portal\/se-graduan-de-preparatoria-alumnos-del-ces\/","title":{"rendered":"Se grad\u00faan de preparatoria alumnos del CES"},"content":{"rendered":"\n<p>Ju\u00e1rez, N.L.- Un total de 30 alumnos de preparatoria se graduaron esta ma\u00f1ana del Centro de Estudios Sur en Ju\u00e1rez, Nuevo Le\u00f3n.<br \/>El doctor Mart\u00edn Reyes, rector de esa casa de estudios ubicada en la colonia 20 de Septiembre, acompa\u00f1ado de varios invitados de honor, presidi\u00f3 la emotiva ceremonia realizada en los patios de ese plantel.<br \/>L\u00e1grimas de alegr\u00eda se desbordaron entre alumnos y padres de familia que disfrutaron de la entrega de constancias, brindis, baile y el tradicional mariachi.<\/p>\n\n\n\n<figure class=\"wp-block-image size-large\"><img loading=\"lazy\" decoding=\"async\" width=\"1024\" height=\"768\" src=\"https:\/\/laultimapalabra.com.mx\/portal\/wp-content\/uploads\/2023\/08\/img-20230812-wa00051048905318296006959-1024x768.jpg\" alt=\"\" class=\"wp-image-45073\" srcset=\"https:\/\/laultimapalabra.com.mx\/portal\/wp-content\/uploads\/2023\/08\/img-20230812-wa00051048905318296006959-1024x768.jpg 1024w, https:\/\/laultimapalabra.com.mx\/portal\/wp-content\/uploads\/2023\/08\/img-20230812-wa00051048905318296006959-300x225.jpg 300w, https:\/\/laultimapalabra.com.mx\/portal\/wp-content\/uploads\/2023\/08\/img-20230812-wa00051048905318296006959-768x576.jpg 768w, https:\/\/laultimapalabra.com.mx\/portal\/wp-content\/uploads\/2023\/08\/img-20230812-wa00051048905318296006959.jpg 1280w\" sizes=\"auto, (max-width: 1024px) 100vw, 1024px\" \/><\/figure>\n","protected":false},"excerpt":{"rendered":"<p>Ju\u00e1rez, N.L.- Un total de 30 alumnos de preparatoria se graduaron esta ma\u00f1ana del Centro de Estudios Sur en Ju\u00e1rez, Nuevo Le\u00f3n.El doctor Mart\u00edn Reyes, rector de esa casa de estudios ubicada en la colonia 20 de Septiembre, acompa\u00f1ado de varios invitados de honor, presidi\u00f3 la emotiva ceremonia realizada en los patios de ese plantel.L\u00e1grimas [&hellip;]<\/p>\n","protected":false},"author":7,"featured_media":45075,"comment_status":"closed","ping_status":"closed","sticky":false,"template":"","format":"standard","meta":{"footnotes":""},"categories":[18],"tags":[8821,7741,8820],"class_list":["post-45071","post","type-post","status-publish","format-standard","has-post-thumbnail","hentry","category-locales-juarez","tag-30-alumnos-de-preparatoria-se-graduan","tag-graduacion","tag-preparatoria"],"_links":{"self":[{"href":"https:\/\/laultimapalabra.com.mx\/portal\/wp-json\/wp\/v2\/posts\/45071","targetHints":{"allow":["GET"]}}],"collection":[{"href":"https:\/\/laultimapalabra.com.mx\/portal\/wp-json\/wp\/v2\/posts"}],"about":[{"href":"https:\/\/laultimapalabra.com.mx\/portal\/wp-json\/wp\/v2\/types\/post"}],"author":[{"embeddable":true,"href":"https:\/\/laultimapalabra.com.mx\/portal\/wp-json\/wp\/v2\/users\/7"}],"replies":[{"embeddable":true,"href":"https:\/\/laultimapalabra.com.mx\/portal\/wp-json\/wp\/v2\/comments?post=45071"}],"version-history":[{"count":2,"href":"https:\/\/laultimapalabra.com.mx\/portal\/wp-json\/wp\/v2\/posts\/45071\/revisions"}],"predecessor-version":[{"id":45074,"href":"https:\/\/laultimapalabra.com.mx\/portal\/wp-json\/wp\/v2\/posts\/45071\/revisions\/45074"}],"wp:featuredmedia":[{"embeddable":true,"href":"https:\/\/laultimapalabra.com.mx\/portal\/wp-json\/wp\/v2\/media\/45075"}],"wp:attachment":[{"href":"https:\/\/laultimapalabra.com.mx\/portal\/wp-json\/wp\/v2\/media?parent=45071"}],"wp:term":[{"taxonomy":"category","embeddable":true,"href":"https:\/\/laultimapalabra.com.mx\/portal\/wp-json\/wp\/v2\/categories?post=45071"},{"taxonomy":"post_tag","embeddable":true,"href":"https:\/\/laultimapalabra.com.mx\/portal\/wp-json\/wp\/v2\/tags?post=45071"}],"curies":[{"name":"wp","href":"https:\/\/api.w.org\/{rel}","templated":true}]}}