                       {"id":45161,"date":"2023-08-15T11:22:07","date_gmt":"2023-08-15T17:22:07","guid":{"rendered":"https:\/\/laultimapalabra.com.mx\/portal\/?p=45161"},"modified":"2023-08-15T11:22:07","modified_gmt":"2023-08-15T17:22:07","slug":"transfirieron-22-estados-del-pais-su-sistema-de-salud-al-imss-bienestar","status":"publish","type":"post","link":"https:\/\/laultimapalabra.com.mx\/portal\/transfirieron-22-estados-del-pais-su-sistema-de-salud-al-imss-bienestar\/","title":{"rendered":"Transfirieron 22 estados del pa\u00eds su sistema de salud al IMSS-Bienestar"},"content":{"rendered":"<p>CDMX.- A la fecha, 22 estados del pa\u00eds han transferido sus sistemas de salud al IMSS-Bienestar, en el que han sido contratados 5 mil 479 m\u00e9dicos especialistas, de acuerdo con el director del Instituto Mexicano del Seguro Social (IMSS), Zo\u00e9 Robledo.<\/p>\n<p>En la conferencia de prensa del presidente Andr\u00e9s Manuel L\u00f3pez Obrador, Robledo dijo este martes que 22 estados han firmado para incorporarse al sistema IMSS-Bienestar, que ya est\u00e1 operando en 16 entidades, en las que se han invertido 2 mil 578 millones de pesos para la reparaci\u00f3n y conservaci\u00f3n de mil 134 unidades m\u00e9dicas y 10 mil 44 millones de pesos en equipamiento.<\/p>\n<p>Por otra parte, el Subsecretario de Salud, Hugo L\u00f3pez-Gatell, asever\u00f3 que la poblaci\u00f3n mexicana destina \u201cmuy poco tiempo a las actividades culturales, deportivas y recreativas\u201d.<\/p>\n<p>Destac\u00f3 que la elecci\u00f3n adecuada de actividades de tiempo libre \u201cprotege y fortalece a la comunidad ante el consumo de drogas\u201d.<\/p>\n<p>En ese sentido, subray\u00f3 que mientras, seg\u00fan datos del Instituto Nacional de Geograf\u00eda y Estad\u00edstica (INEGI), la poblaci\u00f3n destina 16 horas a la semana de su tiempo libre a la utilizaci\u00f3n de medios masivos de comunicaci\u00f3n, se emplean s\u00f3lo cuatro horas semanales a actividades culturales, deportivas y recreativas.<\/p>\n<p>FUENTE: LA JORNADA<\/p>\n<p>CREDITOS FOTO : LA JORNADA<\/p>\n","protected":false},"excerpt":{"rendered":"<p>CDMX.- A la fecha, 22 estados del pa\u00eds han transferido sus sistemas de salud al IMSS-Bienestar, en el que han sido contratados 5 mil 479 m\u00e9dicos especialistas, de acuerdo con el director del Instituto Mexicano del Seguro Social (IMSS), Zo\u00e9 Robledo. En la conferencia de prensa del presidente Andr\u00e9s Manuel L\u00f3pez Obrador, Robledo dijo este [&hellip;]<\/p>\n","protected":false},"author":9,"featured_media":45162,"comment_status":"closed","ping_status":"closed","sticky":false,"template":"","format":"standard","meta":{"footnotes":""},"categories":[19],"tags":[8860,6329,8861,5859,5621],"class_list":["post-45161","post","type-post","status-publish","format-standard","has-post-thumbnail","hentry","category-nacional","tag-22estados","tag-imss-bienestar","tag-sistemadesalud","tag-ultimas-noticias","tag-zoerobledo"],"_links":{"self":[{"href":"https:\/\/laultimapalabra.com.mx\/portal\/wp-json\/wp\/v2\/posts\/45161","targetHints":{"allow":["GET"]}}],"collection":[{"href":"https:\/\/laultimapalabra.com.mx\/portal\/wp-json\/wp\/v2\/posts"}],"about":[{"href":"https:\/\/laultimapalabra.com.mx\/portal\/wp-json\/wp\/v2\/types\/post"}],"author":[{"embeddable":true,"href":"https:\/\/laultimapalabra.com.mx\/portal\/wp-json\/wp\/v2\/users\/9"}],"replies":[{"embeddable":true,"href":"https:\/\/laultimapalabra.com.mx\/portal\/wp-json\/wp\/v2\/comments?post=45161"}],"version-history":[{"count":1,"href":"https:\/\/laultimapalabra.com.mx\/portal\/wp-json\/wp\/v2\/posts\/45161\/revisions"}],"predecessor-version":[{"id":45163,"href":"https:\/\/laultimapalabra.com.mx\/portal\/wp-json\/wp\/v2\/posts\/45161\/revisions\/45163"}],"wp:featuredmedia":[{"embeddable":true,"href":"https:\/\/laultimapalabra.com.mx\/portal\/wp-json\/wp\/v2\/media\/45162"}],"wp:attachment":[{"href":"https:\/\/laultimapalabra.com.mx\/portal\/wp-json\/wp\/v2\/media?parent=45161"}],"wp:term":[{"taxonomy":"category","embeddable":true,"href":"https:\/\/laultimapalabra.com.mx\/portal\/wp-json\/wp\/v2\/categories?post=45161"},{"taxonomy":"post_tag","embeddable":true,"href":"https:\/\/laultimapalabra.com.mx\/portal\/wp-json\/wp\/v2\/tags?post=45161"}],"curies":[{"name":"wp","href":"https:\/\/api.w.org\/{rel}","templated":true}]}}