                       {"id":45170,"date":"2023-08-15T11:45:09","date_gmt":"2023-08-15T17:45:09","guid":{"rendered":"https:\/\/laultimapalabra.com.mx\/portal\/?p=45170"},"modified":"2023-08-15T11:45:09","modified_gmt":"2023-08-15T17:45:09","slug":"aunque-corte-viola-la-constitucion-se-acatara-freno-a-libros-de-texto-amlo","status":"publish","type":"post","link":"https:\/\/laultimapalabra.com.mx\/portal\/aunque-corte-viola-la-constitucion-se-acatara-freno-a-libros-de-texto-amlo\/","title":{"rendered":"Aunque Corte viola la Constituci\u00f3n, se acatar\u00e1 freno a libros de texto: AMLO"},"content":{"rendered":"<p>Ciudad de M\u00e9xico.- A\u00fan cuando expres\u00f3 su inconformidad con la resoluci\u00f3n de la Suprema Corte de Justicia de la Naci\u00f3n (SCJN), el presidente Andr\u00e9s Manuel L\u00f3pez Obrador anunci\u00f3 que se acatar\u00e1, por lo que no se distribuir\u00e1n los libros de texto gratuitos en Chihuahua, pese a que viola la Constituci\u00f3n.<\/p>\n<p>Acus\u00f3 al ministro Luis Mar\u00eda Aguilar Morales y a la gobernadora, Mar\u00eda Eugenia Campos, de \u201cirresponsables, deshonestos, politiqueros, conservadores y reaccionarios\u201d.<\/p>\n<p>Durante su conferencia, L\u00f3pez Obrador sostuvo que el gobierno federal tiene la facultad constitucional de elaborar y distribuir dicho material, pero \u201cestamos ante un caso especial de una gobernadora muy reaccionaria, conservadora, irresponsable y politiquera que presenta una controversia para que no se entreguen los libros a los ni\u00f1os\u201d. La determinaci\u00f3n del Poder Judicial, apunt\u00f3, se da en consonancia con sus posturas que favorecen a las minor\u00edas y al conservadurismo.<\/p>\n<p>Indic\u00f3 que en todas aquellas entidades donde no se promovieron recursos se proceder\u00e1 a entregar el material. \u201cEsto tiene que ver con el bloque conservador, es muy claro\u201d.<\/p>\n<p>Presentes en la conferencia para participar en el informe del Tren Maya, los gobernadores de Chiapas, Rutilio Escand\u00f3n, y de Tabasco, Carlos Merino, confirmaron que han iniciado ya la distribuci\u00f3n de los ejemplares, allan\u00e1ndose a cualquier recurso legal.<\/p>\n<p>Apelando al dicho de Dios los hace y ellos se juntan, L\u00f3pez Obrador critic\u00f3 la postura del arzobispo de Morelia, Carlos Garfias, a quien no mencion\u00f3 por su nombre, parafraseando su postura de la semana pasada, cuando el jerarca cat\u00f3lico expres\u00f3: \u201cno he le\u00eddo ni voy a leer los libros de texto, pero estoy en contra, porque son comunistas. Oye, primo hermano\u2026 O sea, es una mentalidad muy retr\u00f3grada, muy conservadora. \u00bfPero qu\u00e9 culpa tienen los ni\u00f1os, los estudiantes?\u201d<\/p>\n<p>Record\u00f3 adem\u00e1s la convocatoria del dirigente del Partido Acci\u00f3n Nacional, Marko Cort\u00e9s, quien convoc\u00f3 a arrancar hojas de los libros de la SEP.<\/p>\n<p>Para el Presidente, todas estas cr\u00edticas desde el conservadurismo son politiquer\u00eda ante la inminencia del proceso electoral, porque quieren manipular a su favor.<\/p>\n<p>En sus observaciones hacia la resoluci\u00f3n de Aguilar, dijo que los padres de familia deben opinar sobre la decisi\u00f3n de un \u201cministro deshonesto\u201d que pretende dejar sin los libros de texto a los ni\u00f1os de Chihuahua, que sean ellos los que decidan, \u201cpero hay que esperarnos, es muy interesante que estos temas se aborden, ayuda mucho. Nada de que polarizan, no, se politiza\u201d.<\/p>\n<p>Deplor\u00f3 las actitudes que se han detonado a partir de distorsiones que aseguran que los libros exaltan el comunismo, descalificaciones a\u00fan con el desconocimiento de su contenido, pues s\u00f3lo se habla de comunismo en un poema.<\/p>\n<p>Para el mandatario, esta nueva decisi\u00f3n, contraria a las pol\u00edticas de su gobierno, ratifica la necesidad de una profunda reforma al Poder Judicial, a efecto de que los jueces, magistrados y ministros sean elegidos por el pueblo y no por la \u201cc\u00fapula en el poder\u201d.<\/p>\n<p>FUENTE: LA JORNADA<\/p>\n<p>CREDITOS FOTO: LA JORNADA<\/p>\n","protected":false},"excerpt":{"rendered":"<p>Ciudad de M\u00e9xico.- A\u00fan cuando expres\u00f3 su inconformidad con la resoluci\u00f3n de la Suprema Corte de Justicia de la Naci\u00f3n (SCJN), el presidente Andr\u00e9s Manuel L\u00f3pez Obrador anunci\u00f3 que se acatar\u00e1, por lo que no se distribuir\u00e1n los libros de texto gratuitos en Chihuahua, pese a que viola la Constituci\u00f3n. Acus\u00f3 al ministro Luis Mar\u00eda [&hellip;]<\/p>\n","protected":false},"author":9,"featured_media":45171,"comment_status":"closed","ping_status":"closed","sticky":false,"template":"","format":"standard","meta":{"footnotes":""},"categories":[19],"tags":[124,8619,8871,5859,8870],"class_list":["post-45170","post","type-post","status-publish","format-standard","has-post-thumbnail","hentry","category-nacional","tag-amlo","tag-librosdetexto","tag-supremacortefrenaentregadelibros","tag-ultimas-noticias","tag-violalaconstitucion"],"_links":{"self":[{"href":"https:\/\/laultimapalabra.com.mx\/portal\/wp-json\/wp\/v2\/posts\/45170","targetHints":{"allow":["GET"]}}],"collection":[{"href":"https:\/\/laultimapalabra.com.mx\/portal\/wp-json\/wp\/v2\/posts"}],"about":[{"href":"https:\/\/laultimapalabra.com.mx\/portal\/wp-json\/wp\/v2\/types\/post"}],"author":[{"embeddable":true,"href":"https:\/\/laultimapalabra.com.mx\/portal\/wp-json\/wp\/v2\/users\/9"}],"replies":[{"embeddable":true,"href":"https:\/\/laultimapalabra.com.mx\/portal\/wp-json\/wp\/v2\/comments?post=45170"}],"version-history":[{"count":1,"href":"https:\/\/laultimapalabra.com.mx\/portal\/wp-json\/wp\/v2\/posts\/45170\/revisions"}],"predecessor-version":[{"id":45172,"href":"https:\/\/laultimapalabra.com.mx\/portal\/wp-json\/wp\/v2\/posts\/45170\/revisions\/45172"}],"wp:featuredmedia":[{"embeddable":true,"href":"https:\/\/laultimapalabra.com.mx\/portal\/wp-json\/wp\/v2\/media\/45171"}],"wp:attachment":[{"href":"https:\/\/laultimapalabra.com.mx\/portal\/wp-json\/wp\/v2\/media?parent=45170"}],"wp:term":[{"taxonomy":"category","embeddable":true,"href":"https:\/\/laultimapalabra.com.mx\/portal\/wp-json\/wp\/v2\/categories?post=45170"},{"taxonomy":"post_tag","embeddable":true,"href":"https:\/\/laultimapalabra.com.mx\/portal\/wp-json\/wp\/v2\/tags?post=45170"}],"curies":[{"name":"wp","href":"https:\/\/api.w.org\/{rel}","templated":true}]}}