                       {"id":45187,"date":"2023-08-15T13:08:45","date_gmt":"2023-08-15T19:08:45","guid":{"rendered":"https:\/\/laultimapalabra.com.mx\/portal\/?p=45187"},"modified":"2023-08-15T13:08:45","modified_gmt":"2023-08-15T19:08:45","slug":"santiago-creel-deja-la-presidencia-de-san-lazaro-su-licencia-sera-definitiva-dice","status":"publish","type":"post","link":"https:\/\/laultimapalabra.com.mx\/portal\/santiago-creel-deja-la-presidencia-de-san-lazaro-su-licencia-sera-definitiva-dice\/","title":{"rendered":"Santiago Creel deja la presidencia de San L\u00e1zaro; su licencia ser\u00e1 definitiva, dice"},"content":{"rendered":"<p>Ciudad de M\u00e9xico.- El aspirante a la Coordinaci\u00f3n del Frente Amplio por M\u00e9xico, Santiago Creel Miranda, hizo oficial este lunes su salida a la Presidencia de la Mesa Directiva de la C\u00e1mara de Diputados.<\/p>\n<p>Durante una conferencia de prensa en la C\u00e1mara de Diputados, el legislador panista di\u00f3 a conocer que, de forma conjunta a su renuncia a la presidencia en San L\u00e1zaro, tambi\u00e9n solicit\u00f3 licencia definitiva como Diputado federal, pues desea concentrarse en el proceso interno y electoral que culminar\u00e1 el pr\u00f3ximo 2 de junio de 2024.<\/p>\n<p>\u201cLes informo que no regresar\u00e9 a la C\u00e1mara de Diputados, que esta licencia ser\u00e1 de manera definitiva y ser\u00e1 definitiva porque yo ya tom\u00e9 la decisi\u00f3n que estas 42 semanas que est\u00e1n por delante quiero estar en la primera l\u00ednea de defensa de mi patria, de mi querido M\u00e9xico\u201d, precis\u00f3.<\/p>\n<p>En dicho encuentro con medios, tambi\u00e9n lament\u00f3 que nunca fue recibido por el Presidente Andr\u00e9s Manuel L\u00f3pez Obrador para mantener un di\u00e1logo.<\/p>\n<p>\u201cLa experiencia de no haber sido recibido por el Presidente de la Rep\u00fablica, ni haber podido abrir el di\u00e1logo con \u00e9l, es verdaderamente lamentable, no es propio de un Presidente dem\u00f3crata dejar a un lado el di\u00e1logo pol\u00edtico con la oposici\u00f3n y con el Presidente de la C\u00e1mara de Diputados\u201d, expres\u00f3.<\/p>\n<p>Adem\u00e1s, el legislador panista asegur\u00f3 que a su salida deja alrededor de 20 controversias constitucionales y acciones de inconstitucionalidad \u201cblindadas\u201d para evitar que la C\u00e1mara de Diputados las retire o sean revocadas sin seguir su debido tr\u00e1mite en la Suprema Corte de Justicia de la Naci\u00f3n (SCJN).<\/p>\n<p>Su renuncia tendr\u00e1 efecto a partir de este 15 de agosto, una vez que la Comisi\u00f3n Permanente del Congreso de la Uni\u00f3n apruebe su solicitud.<\/p>\n<p>A partir del d\u00eda de ma\u00f1ana, la Diputada Noem\u00ed Berenice Luna, quien anteriormente fue Vicepresidenta de la Mesa Directiva de la C\u00e1mara de Diputados, lo sustituir\u00e1 como titular de San L\u00e1zaro.<\/p>\n<p>X\u00f3chitl G\u00e1lvez, Beatriz Paredes, Santiago Creel y Enrique de la Madrid fueron los \u00fanicos aspirantes del Frente Amplio por M\u00e9xico en haber conseguido al menos 150 mil firmas de 17 estados del pa\u00eds, inform\u00f3 el pasado 9 de agosto en conferencia de prensa el exconsejero del INE Arturo S\u00e1nchez Guti\u00e9rrez, integrante del Comit\u00e9 Organizador.<\/p>\n<p>S\u00e1nchez Guti\u00e9rrez di\u00f3 a conocer que cuentan con un total de 1.9 millones de firmas registradas en la plataforma, lo que equivaldr\u00eda al registro de ocho partidos pol\u00edticos. Destac\u00f3 adem\u00e1s que los participantes en este proceso no contaron con el respaldo econ\u00f3mico de los partidos.<\/p>\n<p>Fuera del proceso qued\u00f3 Jorge Luis Preciado, que denunci\u00f3 que el proceso es una simulaci\u00f3n luego de una reuni\u00f3n con el dirigente panista Marko Cort\u00e9s Mendoza, quien, dijo, le asegur\u00f3 que todo est\u00e1 acordado para que sea X\u00f3chitl G\u00e1lvez la candidata presidencial.<\/p>\n<p>Tampoco pudieron pasar los panistas Ignacio Loyola Vera, el exgobernador Francisco Garc\u00eda Cabeza de Vaca, ni los perredistas Silvano Aureoles Conejo y Miguel \u00c1ngel Mancera.<\/p>\n<p>Ni los contendientes sin partido Jos\u00e9 Jaime Enr\u00edquez F\u00e9lix, Israel Rivas y Sergio Iban Torres Bravo.<\/p>\n<p>Las y los cuatro aspirantes que pasaron a la siguiente etapa participar\u00e1n ma\u00f1ana en un foro que durar\u00e1 hora y media y ser\u00e1 transmitido en redes sociales, posterior a ello se realizar\u00e1 una encuesta para determinar qui\u00e9nes pasan a la siguiente etapa.<\/p>\n<p>FUENTE: SIN EMBARGO MX<\/p>\n<p>CREDITOS FOTO: SIN EMBARGO<\/p>\n","protected":false},"excerpt":{"rendered":"<p>Ciudad de M\u00e9xico.- El aspirante a la Coordinaci\u00f3n del Frente Amplio por M\u00e9xico, Santiago Creel Miranda, hizo oficial este lunes su salida a la Presidencia de la Mesa Directiva de la C\u00e1mara de Diputados. Durante una conferencia de prensa en la C\u00e1mara de Diputados, el legislador panista di\u00f3 a conocer que, de forma conjunta a [&hellip;]<\/p>\n","protected":false},"author":9,"featured_media":45188,"comment_status":"closed","ping_status":"closed","sticky":false,"template":"","format":"standard","meta":{"footnotes":""},"categories":[19],"tags":[124,1691,8882,8159,5859],"class_list":["post-45187","post","type-post","status-publish","format-standard","has-post-thumbnail","hentry","category-nacional","tag-amlo","tag-pan","tag-presidenciadelacamaradediputados","tag-santiagocreel","tag-ultimas-noticias"],"_links":{"self":[{"href":"https:\/\/laultimapalabra.com.mx\/portal\/wp-json\/wp\/v2\/posts\/45187","targetHints":{"allow":["GET"]}}],"collection":[{"href":"https:\/\/laultimapalabra.com.mx\/portal\/wp-json\/wp\/v2\/posts"}],"about":[{"href":"https:\/\/laultimapalabra.com.mx\/portal\/wp-json\/wp\/v2\/types\/post"}],"author":[{"embeddable":true,"href":"https:\/\/laultimapalabra.com.mx\/portal\/wp-json\/wp\/v2\/users\/9"}],"replies":[{"embeddable":true,"href":"https:\/\/laultimapalabra.com.mx\/portal\/wp-json\/wp\/v2\/comments?post=45187"}],"version-history":[{"count":1,"href":"https:\/\/laultimapalabra.com.mx\/portal\/wp-json\/wp\/v2\/posts\/45187\/revisions"}],"predecessor-version":[{"id":45189,"href":"https:\/\/laultimapalabra.com.mx\/portal\/wp-json\/wp\/v2\/posts\/45187\/revisions\/45189"}],"wp:featuredmedia":[{"embeddable":true,"href":"https:\/\/laultimapalabra.com.mx\/portal\/wp-json\/wp\/v2\/media\/45188"}],"wp:attachment":[{"href":"https:\/\/laultimapalabra.com.mx\/portal\/wp-json\/wp\/v2\/media?parent=45187"}],"wp:term":[{"taxonomy":"category","embeddable":true,"href":"https:\/\/laultimapalabra.com.mx\/portal\/wp-json\/wp\/v2\/categories?post=45187"},{"taxonomy":"post_tag","embeddable":true,"href":"https:\/\/laultimapalabra.com.mx\/portal\/wp-json\/wp\/v2\/tags?post=45187"}],"curies":[{"name":"wp","href":"https:\/\/api.w.org\/{rel}","templated":true}]}}