                       {"id":4533,"date":"2018-11-09T02:03:46","date_gmt":"2018-11-09T02:03:46","guid":{"rendered":"http:\/\/laultimapalabra.info\/?p=4533"},"modified":"2024-12-11T08:53:21","modified_gmt":"2024-12-11T14:53:21","slug":"entrega-alcalde-9-nombramientos","status":"publish","type":"post","link":"https:\/\/laultimapalabra.com.mx\/portal\/entrega-alcalde-9-nombramientos\/","title":{"rendered":"Entrega alcalde 9 nombramientos"},"content":{"rendered":"<p style=\"text-align: justify;\">IMM, PC, Oficial\u00eda Mayor, entre otras dependencias, ya tienen su nuevo titular.<\/p>\n<p style=\"text-align: justify;\"><img loading=\"lazy\" decoding=\"async\" class=\"size-medium wp-image-4534 alignleft\" src=\"https:\/\/laultimapalabra.com.mx\/portal\/wp-content\/uploads\/2018\/11\/WhatsApp-Image-2018-11-08-at-19.02.16-300x200.jpeg\" alt=\"\" width=\"300\" height=\"200\" \/>CADEREYTA JIM\u00c9NEZ, N.L.-<br \/>\nCon miras a completar su equipo de trabajo, el alcalde jimenense, Ernesto Jos\u00e9 Quintanilla Villarreal, entreg\u00f3 la ma\u00f1ana del lunes nueve nombramientos a igual n\u00famero de funcionarios, entre directores y coordinadores.<br \/>\nEn el evento efectuado a las 10 de la ma\u00f1ana en la antigua sala de cabildo, se entreg\u00f3 el nombramiento de Coordinador del m\u00f3dulo DIF \u201cGer\u00f3nimo Trevi\u00f1o\u201d, a Francisco Salazar Alvarado<br \/>\nComo directora del Instituto Municipal de la Mujer fue designada directora, Mar\u00eda del Rosario Carrasco L\u00f3pez, mientras que a Mayra Judith de Jes\u00fas Rodr\u00edguez Rodr\u00edguez se le nombr\u00f3 directora de Ingresos.<br \/>\nEn la direcci\u00f3n de Modernizaci\u00f3n Administrativa, el titular ser\u00e1 Ricardo Menchaca Reyes, mientras que el director de Servicios de Emergencia fue nombrado Guillermo De Le\u00f3n Delgado.<br \/>\nOtro de los nombramientos fue el del director de la Casa de la Cultura, en la persona de Roberto Lozano M\u00e9ndez y el nuevo Oficial Mayor ahora es Marco Antonio Gonz\u00e1lez Murillo.<br \/>\nLuis Arg\u00fcelles Franco, recibi\u00f3 su nombramiento como coordinador de Comit\u00e9s Ciudadanos y \u00c9dgar Alejandro Garza Cortez, ser\u00e1 el nuevo coordinador Administrativo de la Cl\u00ednica Municipal.<br \/>\nEn su mensaje a los nuevos funcionarios, el alcalde Quintanilla Villarreal, les exhort\u00f3 a que pusieran todo el esfuerzo en su importante encomienda, siempre viendo por el bien del ciudadano.<\/p>\n","protected":false},"excerpt":{"rendered":"<p>IMM, PC, Oficial\u00eda Mayor, entre otras dependencias, ya tienen su nuevo titular. CADEREYTA JIM\u00c9NEZ, N.L.- Con miras a completar su equipo de trabajo, el alcalde jimenense, Ernesto Jos\u00e9 Quintanilla Villarreal, entreg\u00f3 la ma\u00f1ana del lunes nueve nombramientos a igual n\u00famero de funcionarios, entre directores y coordinadores. En el evento efectuado a las 10 de la [&hellip;]<\/p>\n","protected":false},"author":9,"featured_media":4534,"comment_status":"open","ping_status":"closed","sticky":false,"template":"","format":"standard","meta":{"footnotes":""},"categories":[17],"tags":[1173,1631],"class_list":["post-4533","post","type-post","status-publish","format-standard","has-post-thumbnail","hentry","category-locales-cadereyta","tag-guillermo-delgado","tag-nombramientos-funcionarios-admon-2018-2021"],"_links":{"self":[{"href":"https:\/\/laultimapalabra.com.mx\/portal\/wp-json\/wp\/v2\/posts\/4533","targetHints":{"allow":["GET"]}}],"collection":[{"href":"https:\/\/laultimapalabra.com.mx\/portal\/wp-json\/wp\/v2\/posts"}],"about":[{"href":"https:\/\/laultimapalabra.com.mx\/portal\/wp-json\/wp\/v2\/types\/post"}],"author":[{"embeddable":true,"href":"https:\/\/laultimapalabra.com.mx\/portal\/wp-json\/wp\/v2\/users\/9"}],"replies":[{"embeddable":true,"href":"https:\/\/laultimapalabra.com.mx\/portal\/wp-json\/wp\/v2\/comments?post=4533"}],"version-history":[{"count":1,"href":"https:\/\/laultimapalabra.com.mx\/portal\/wp-json\/wp\/v2\/posts\/4533\/revisions"}],"predecessor-version":[{"id":65452,"href":"https:\/\/laultimapalabra.com.mx\/portal\/wp-json\/wp\/v2\/posts\/4533\/revisions\/65452"}],"wp:featuredmedia":[{"embeddable":true,"href":"https:\/\/laultimapalabra.com.mx\/portal\/wp-json\/"}],"wp:attachment":[{"href":"https:\/\/laultimapalabra.com.mx\/portal\/wp-json\/wp\/v2\/media?parent=4533"}],"wp:term":[{"taxonomy":"category","embeddable":true,"href":"https:\/\/laultimapalabra.com.mx\/portal\/wp-json\/wp\/v2\/categories?post=4533"},{"taxonomy":"post_tag","embeddable":true,"href":"https:\/\/laultimapalabra.com.mx\/portal\/wp-json\/wp\/v2\/tags?post=4533"}],"curies":[{"name":"wp","href":"https:\/\/api.w.org\/{rel}","templated":true}]}}