                       {"id":45358,"date":"2023-08-18T12:54:07","date_gmt":"2023-08-18T18:54:07","guid":{"rendered":"https:\/\/laultimapalabra.com.mx\/portal\/?p=45358"},"modified":"2023-08-18T12:54:07","modified_gmt":"2023-08-18T18:54:07","slug":"movilidad-revisa-645-unidades-de-transporte-escolar-previo-al-regreso-a-clases-en-nl","status":"publish","type":"post","link":"https:\/\/laultimapalabra.com.mx\/portal\/movilidad-revisa-645-unidades-de-transporte-escolar-previo-al-regreso-a-clases-en-nl\/","title":{"rendered":"Movilidad revisa 645 unidades de transporte escolar previo al regreso a clases en NL"},"content":{"rendered":"<p>Monterrey, N L.- A 10 d\u00edas del regreso a clases en las escuelas de educaci\u00f3n b\u00e1sica, el Instituto de Movilidad y Accesibilidad de Nuevo Le\u00f3n (IMA), ha revisado 645 unidades de transporte escolar.<\/p>\n<p>La convocatoria anual para la regularizaci\u00f3n y tramitaci\u00f3n de permiso temporal estar\u00e1 abierta hasta el 30 de septiembre del presente a\u00f1o, la cual inici\u00f3 el 15 de mayo, as\u00ed lo inform\u00f3 el director general del IMA, Jos\u00e9 Valdez Gayt\u00e1n.<\/p>\n<p>\u201cSon cuatro meses para que los propietarios de las unidades de transporte escolar acudan ante el Instituto de Movilidad, en las instalaciones del Parque San Bernab\u00e9, a realizar los tr\u00e1mites de regularizaci\u00f3n y de permiso temporal.<\/p>\n<p>\u201cEl regreso a clases en nivel b\u00e1sico est\u00e1 previsto para el 28 de agosto, por ello invitamos a los prestadores del servicio a que acudan a realizar sus tr\u00e1mites\u201d, manifest\u00f3 el director general del IMA.<\/p>\n<p>Indic\u00f3 que no habr\u00e1 pr\u00f3rroga para realizar el tr\u00e1mite por lo que hizo la invitaci\u00f3n a realizar lo correspondiente con el tiempo establecido por el instituto.<\/p>\n<p>\u201cTambi\u00e9n informamos que no habr\u00e1 pr\u00f3rroga, para que acudan con tiempo a tramitar su carta de no antecedentes penales antes de programar su cita\u201d, dijo.<\/p>\n<p>Valdez Gayt\u00e1n explic\u00f3 que deber\u00e1n programar su cita en la p\u00e1gina http:\/\/citas.ima.nl.gob.mx, donde deber\u00e1n seleccionar el apartado \u201cEscolar-Revisi\u00f3n F\u00edsico-Mec\u00e1nica\u201d.<\/p>\n<p>\u201cLas unidades deber\u00e1n estar dadas de alta ante el Instituto de Control Vehicular, es decir, contar con sus placas de transporte p\u00fablico y es indispensable que cumplan con ese requisito, para poder obtener el permiso\u201d, inform\u00f3.<\/p>\n<p>Al momento de tener la fecha espec\u00edfica deber\u00e1n acudir al Parque San Bernab\u00e9 a entregar documentos como el recibo de pago de aprovechamientos, expedici\u00f3n de car\u00e1tula y entrega de permisos, as\u00ed como aprobar la revisi\u00f3n f\u00edsico-mec\u00e1nica.<\/p>\n<p>Tambi\u00e9n presentar el original del permiso anterior, una identificaci\u00f3n vigente, copia simple de CURP, copia simple de comprobante de domicilio sin adeudos y carta de autorizaci\u00f3n de la escuela a la que presta servicio.<\/p>\n<p>La factura del veh\u00edculo expedida a nombre o endosada por el vendedor y en caso de compra cr\u00e9dito o arrendamiento financiero, presentar la carta factura o contrato de arrendamiento, tarjeta de circulaci\u00f3n y comprobante de pago de refrendo vehicular vigente.<\/p>\n<p>Adem\u00e1s, la licencia especial en modalidad de escolar y la p\u00f3liza de seguro del veh\u00edculo vigentes e identificaci\u00f3n, entre otros requisitos.<\/p>\n<p>FUENTE: ABC NOTICIAS<\/p>\n<p>CREDITO FOTO : ABC NOTICIAS<\/p>\n","protected":false},"excerpt":{"rendered":"<p>Monterrey, N L.- A 10 d\u00edas del regreso a clases en las escuelas de educaci\u00f3n b\u00e1sica, el Instituto de Movilidad y Accesibilidad de Nuevo Le\u00f3n (IMA), ha revisado 645 unidades de transporte escolar. La convocatoria anual para la regularizaci\u00f3n y tramitaci\u00f3n de permiso temporal estar\u00e1 abierta hasta el 30 de septiembre del presente a\u00f1o, la [&hellip;]<\/p>\n","protected":false},"author":9,"featured_media":45359,"comment_status":"closed","ping_status":"closed","sticky":false,"template":"","format":"standard","meta":{"footnotes":""},"categories":[15],"tags":[8961,8959,4329,8960,5859,8958],"class_list":["post-45358","post","type-post","status-publish","format-standard","has-post-thumbnail","hentry","category-estado","tag-parqueanbernabe","tag-permiso","tag-regularizacion","tag-requisitostransporteescolar","tag-ultimas-noticias","tag-unidadesdetransporteescolar"],"_links":{"self":[{"href":"https:\/\/laultimapalabra.com.mx\/portal\/wp-json\/wp\/v2\/posts\/45358","targetHints":{"allow":["GET"]}}],"collection":[{"href":"https:\/\/laultimapalabra.com.mx\/portal\/wp-json\/wp\/v2\/posts"}],"about":[{"href":"https:\/\/laultimapalabra.com.mx\/portal\/wp-json\/wp\/v2\/types\/post"}],"author":[{"embeddable":true,"href":"https:\/\/laultimapalabra.com.mx\/portal\/wp-json\/wp\/v2\/users\/9"}],"replies":[{"embeddable":true,"href":"https:\/\/laultimapalabra.com.mx\/portal\/wp-json\/wp\/v2\/comments?post=45358"}],"version-history":[{"count":1,"href":"https:\/\/laultimapalabra.com.mx\/portal\/wp-json\/wp\/v2\/posts\/45358\/revisions"}],"predecessor-version":[{"id":45360,"href":"https:\/\/laultimapalabra.com.mx\/portal\/wp-json\/wp\/v2\/posts\/45358\/revisions\/45360"}],"wp:featuredmedia":[{"embeddable":true,"href":"https:\/\/laultimapalabra.com.mx\/portal\/wp-json\/wp\/v2\/media\/45359"}],"wp:attachment":[{"href":"https:\/\/laultimapalabra.com.mx\/portal\/wp-json\/wp\/v2\/media?parent=45358"}],"wp:term":[{"taxonomy":"category","embeddable":true,"href":"https:\/\/laultimapalabra.com.mx\/portal\/wp-json\/wp\/v2\/categories?post=45358"},{"taxonomy":"post_tag","embeddable":true,"href":"https:\/\/laultimapalabra.com.mx\/portal\/wp-json\/wp\/v2\/tags?post=45358"}],"curies":[{"name":"wp","href":"https:\/\/api.w.org\/{rel}","templated":true}]}}