                       {"id":45441,"date":"2023-08-21T12:55:27","date_gmt":"2023-08-21T18:55:27","guid":{"rendered":"https:\/\/laultimapalabra.com.mx\/portal\/?p=45441"},"modified":"2023-08-21T12:55:27","modified_gmt":"2023-08-21T18:55:27","slug":"crisis-en-canal-de-panama-abre-oportunidad-para-proyecto-del-istmo-de-tehuantepec-amlo","status":"publish","type":"post","link":"https:\/\/laultimapalabra.com.mx\/portal\/crisis-en-canal-de-panama-abre-oportunidad-para-proyecto-del-istmo-de-tehuantepec-amlo\/","title":{"rendered":"Crisis en Canal de Panam\u00e1 abre oportunidad para proyecto del Istmo de Tehuantepec: AMLO"},"content":{"rendered":"<p>CDMX,- El presidente Andr\u00e9s Manuel L\u00f3pez Obrador asever\u00f3 que la crisis que se registra en el Canal de Panam\u00e1 por los bajos niveles de agua, que impide el paso de barcos de gran calado, abre una oportunidad para desarrollar el proyecto en el Istmo de Tehuantepec.<\/p>\n<p>Tras recordar que a mediados de septiembre se realizar\u00e1 un primer viaje de supervisi\u00f3n en el tren trans\u00edstmico, record\u00f3 que se ha ampliado la capacidad de operaci\u00f3n de los puertos de Salina Cruz y de Coatzacoalcos con el objeto de poder alcanzar por esta ruta el comercio en la costa este de Estados Unidos.<\/p>\n<p>Por eso, dijo, se est\u00e1 trabajando en potencializar esta opci\u00f3n por lo que anticip\u00f3 que antes de concluir su administraci\u00f3n se convocar\u00e1 la segunda etapa de la ampliaci\u00f3n de los puertos de Salina Cruz y Coatzacoalcos.<\/p>\n<p>FUENTE: LA JORNADA<\/p>\n<p>CREDITOS FOTO: LA JORNADA<\/p>\n","protected":false},"excerpt":{"rendered":"<p>CDMX,- El presidente Andr\u00e9s Manuel L\u00f3pez Obrador asever\u00f3 que la crisis que se registra en el Canal de Panam\u00e1 por los bajos niveles de agua, que impide el paso de barcos de gran calado, abre una oportunidad para desarrollar el proyecto en el Istmo de Tehuantepec. Tras recordar que a mediados de septiembre se realizar\u00e1 [&hellip;]<\/p>\n","protected":false},"author":9,"featured_media":45442,"comment_status":"closed","ping_status":"closed","sticky":false,"template":"","format":"standard","meta":{"footnotes":""},"categories":[19],"tags":[124,8991,8993,8992,5859],"class_list":["post-45441","post","type-post","status-publish","format-standard","has-post-thumbnail","hentry","category-nacional","tag-amlo","tag-canaldepanama","tag-crisisencanaldepanama","tag-proyectoitsmodetehuantepec","tag-ultimas-noticias"],"_links":{"self":[{"href":"https:\/\/laultimapalabra.com.mx\/portal\/wp-json\/wp\/v2\/posts\/45441","targetHints":{"allow":["GET"]}}],"collection":[{"href":"https:\/\/laultimapalabra.com.mx\/portal\/wp-json\/wp\/v2\/posts"}],"about":[{"href":"https:\/\/laultimapalabra.com.mx\/portal\/wp-json\/wp\/v2\/types\/post"}],"author":[{"embeddable":true,"href":"https:\/\/laultimapalabra.com.mx\/portal\/wp-json\/wp\/v2\/users\/9"}],"replies":[{"embeddable":true,"href":"https:\/\/laultimapalabra.com.mx\/portal\/wp-json\/wp\/v2\/comments?post=45441"}],"version-history":[{"count":1,"href":"https:\/\/laultimapalabra.com.mx\/portal\/wp-json\/wp\/v2\/posts\/45441\/revisions"}],"predecessor-version":[{"id":45443,"href":"https:\/\/laultimapalabra.com.mx\/portal\/wp-json\/wp\/v2\/posts\/45441\/revisions\/45443"}],"wp:featuredmedia":[{"embeddable":true,"href":"https:\/\/laultimapalabra.com.mx\/portal\/wp-json\/wp\/v2\/media\/45442"}],"wp:attachment":[{"href":"https:\/\/laultimapalabra.com.mx\/portal\/wp-json\/wp\/v2\/media?parent=45441"}],"wp:term":[{"taxonomy":"category","embeddable":true,"href":"https:\/\/laultimapalabra.com.mx\/portal\/wp-json\/wp\/v2\/categories?post=45441"},{"taxonomy":"post_tag","embeddable":true,"href":"https:\/\/laultimapalabra.com.mx\/portal\/wp-json\/wp\/v2\/tags?post=45441"}],"curies":[{"name":"wp","href":"https:\/\/api.w.org\/{rel}","templated":true}]}}