                       {"id":45484,"date":"2023-08-22T13:18:56","date_gmt":"2023-08-22T19:18:56","guid":{"rendered":"https:\/\/laultimapalabra.com.mx\/portal\/?p=45484"},"modified":"2023-08-22T13:18:56","modified_gmt":"2023-08-22T19:18:56","slug":"cuestiona-amlo-actuacion-del-ministro-aguilar","status":"publish","type":"post","link":"https:\/\/laultimapalabra.com.mx\/portal\/cuestiona-amlo-actuacion-del-ministro-aguilar\/","title":{"rendered":"Cuestiona AMLO actuaci\u00f3n del ministro Aguilar"},"content":{"rendered":"<p>CDMX &#8211; El presidente Andr\u00e9s Manuel L\u00f3pez Obrador cuestion\u00f3 el actuar del ministro de la Suprema Corte de Justicia de la Naci\u00f3n (SCJN), Luis Mar\u00eda Aguilar Morales, quien \u201cha archivado\u201d por ocho meses el caso de una empresa que debe al fisco 25 mil millones de pesos, como minutos antes lo di\u00f3 a conocer en la ma\u00f1anera el procurador fiscal, Arturo Medina.<\/p>\n<p>Inclusive, el mandatario federal compar\u00f3 que el propio Aguilar Morales resolvi\u00f3 \u201cfast track\u201d dos controversias constitucionales promovidas por los gobiernos de Chihuahua y Coahuila en contra de los nuevos libros de texto: \u201cAh\u00ed si hay justicia pronta y expedita\u201d, ironiz\u00f3.<\/p>\n<p>En el sal\u00f3n Tesorer\u00eda de Palacio Nacional, se inform\u00f3 que la queja contra el ministro por esta omisi\u00f3n se presentar\u00e1 ante el pleno de la Suprema Corte de Justicia de la Naci\u00f3n (SCJN).<\/p>\n<p>\u201cEs muy importante lo que se di\u00f3 a conocer hoy sobre el ministro de la Corte que lleva ocho meses, con un expediente guardado, que implica el que se resuelva a favor o en contra, pero que se resuelvan un asunto de 25 mil millones de pesos, el se\u00f1or Aguilar Luis Mar\u00eda Aguilar, fue presidente de la Corte. Pues tiene, pidi\u00f3 \u00e9l este expediente, seg\u00fan nos informa el procurador fiscal, lo pide para guardarlo, lo tiene ocho meses, y no resuelve, porque se trata de 25 mil millones de pesos. Es el presupuesto de un estado de la Rep\u00fablica, puede ser el presupuesto de Baja California Sur, de Tlaxcala, de Zacatecas, de Campeche. \u00a125 mil y no resuelve, lo tiene guardado! \u00bfY d\u00f3nde est\u00e1 la justicia pronta y expedita?\u201d.<\/p>\n<p>Entonces se le hizo ver al jefe del Ejecutivo que Aguilar Morales es el ministro que concedi\u00f3 la suspensi\u00f3n para que no se repartan los nuevos libros de texto en Chihuahua y Coahuila, a lo que ir\u00f3nico respondi\u00f3: \u201c\u00a1Ah no, eso s\u00ed! Ah\u00ed si hay justicia pronta y expedita, porque est\u00e1 en contra de nosotros, son procesos distintos, pero no se miden con la misma vara.<\/p>\n<p>\u201cEn este caso como se trata de proteger un asunto donde est\u00e1n de por medio 25 mil millones de pesos, no estoy diciendo que deban los jueces dar la raz\u00f3n al gobierno para recuperar ese dinero, no, estoy planteando que se resuelva de conformidad con la ley, pero \u00bfc\u00f3mo lo guardan, por qu\u00e9 lo mete? Lo tiene en la gaveta de su escritorio; mientras, presenta la gobernadora de Chihuahua un recurso, una controversia, y resuelve as\u00ed, creo que se llev\u00f3 unos d\u00edas, y Coahuila, fast track. Pero este otro caso ( de los impuestos), \u00a1ocho meses!\u201d.<\/p>\n<p>El presidente indic\u00f3 que hoy mismo se interpondr\u00e1 la queja contra el ministro Aguilar Morales.<\/p>\n<p>Evit\u00f3 hablar de la empresa deudora y revelar el nombre o ramo porque \u201ces un asunto que tiene que ver con el debido proceso, si no por ah\u00ed van a decir que nosotros alteramos el procedimiento. No, es que tienen ellos un asunto desde hace ocho meses este ministro, y no creo que no haya tenido tiempo, porque \u00bfocho meses?\u201d.<\/p>\n<p>\u2014 \u00bfLo hizo con toda intenci\u00f3n? -se le pregunt\u00f3.<\/p>\n<p>\u2014 \u00a1Ah claro, claro que hay un inter\u00e9s de por medio! -respondi\u00f3 el mandatario.<\/p>\n<p>Sobre si el ministro es cercano a la empresa, L\u00f3pez Obrador apunt\u00f3 que corresponde al propio Aguilar Morales y a la Corte explicar esa situaci\u00f3n.<\/p>\n<p>\u201c\u00c9l mismo podr\u00eda decirlo o la Suprema Corte, porque a lo mejor s\u00ed lleva mucho tiempo, es un asunto pues complejo\u2026 \u00bfPero ocho meses? Y eso porque ahora se est\u00e1 denunciando, porque si no, nosotros terminamos como alcahuetes, como c\u00f3mplices. Si no se da a conocer, pues ah\u00ed se lleva el resto del a\u00f1o. Ojal\u00e1 y ya resuelvan, porque se trata de 25 mil millones de pesos, y para las partes lo mejor es que se decida, en un sentido u otro, de conformidad con la ley, pero no mantener ah\u00ed guardado, archivado el expediente, mientras, como dice el compa\u00f1ero, no sab\u00eda que hab\u00eda presentado otra, Coahuila, y ya resolvi\u00f3 el mismo ministro\u201d.<\/p>\n<p>FUENTE: LA JORNADA<\/p>\n<p>CREDITOS FOTO: LA JORNADA<\/p>\n","protected":false},"excerpt":{"rendered":"<p>CDMX &#8211; El presidente Andr\u00e9s Manuel L\u00f3pez Obrador cuestion\u00f3 el actuar del ministro de la Suprema Corte de Justicia de la Naci\u00f3n (SCJN), Luis Mar\u00eda Aguilar Morales, quien \u201cha archivado\u201d por ocho meses el caso de una empresa que debe al fisco 25 mil millones de pesos, como minutos antes lo di\u00f3 a conocer en [&hellip;]<\/p>\n","protected":false},"author":9,"featured_media":45486,"comment_status":"closed","ping_status":"closed","sticky":false,"template":"","format":"standard","meta":{"footnotes":""},"categories":[19],"tags":[9006,124,4269,9007,5859],"class_list":["post-45484","post","type-post","status-publish","format-standard","has-post-thumbnail","hentry","category-nacional","tag-aguilarmorales","tag-amlo","tag-mexico","tag-supremacorte","tag-ultimas-noticias"],"_links":{"self":[{"href":"https:\/\/laultimapalabra.com.mx\/portal\/wp-json\/wp\/v2\/posts\/45484","targetHints":{"allow":["GET"]}}],"collection":[{"href":"https:\/\/laultimapalabra.com.mx\/portal\/wp-json\/wp\/v2\/posts"}],"about":[{"href":"https:\/\/laultimapalabra.com.mx\/portal\/wp-json\/wp\/v2\/types\/post"}],"author":[{"embeddable":true,"href":"https:\/\/laultimapalabra.com.mx\/portal\/wp-json\/wp\/v2\/users\/9"}],"replies":[{"embeddable":true,"href":"https:\/\/laultimapalabra.com.mx\/portal\/wp-json\/wp\/v2\/comments?post=45484"}],"version-history":[{"count":1,"href":"https:\/\/laultimapalabra.com.mx\/portal\/wp-json\/wp\/v2\/posts\/45484\/revisions"}],"predecessor-version":[{"id":45487,"href":"https:\/\/laultimapalabra.com.mx\/portal\/wp-json\/wp\/v2\/posts\/45484\/revisions\/45487"}],"wp:featuredmedia":[{"embeddable":true,"href":"https:\/\/laultimapalabra.com.mx\/portal\/wp-json\/wp\/v2\/media\/45486"}],"wp:attachment":[{"href":"https:\/\/laultimapalabra.com.mx\/portal\/wp-json\/wp\/v2\/media?parent=45484"}],"wp:term":[{"taxonomy":"category","embeddable":true,"href":"https:\/\/laultimapalabra.com.mx\/portal\/wp-json\/wp\/v2\/categories?post=45484"},{"taxonomy":"post_tag","embeddable":true,"href":"https:\/\/laultimapalabra.com.mx\/portal\/wp-json\/wp\/v2\/tags?post=45484"}],"curies":[{"name":"wp","href":"https:\/\/api.w.org\/{rel}","templated":true}]}}