                       {"id":45578,"date":"2023-08-23T14:26:55","date_gmt":"2023-08-23T20:26:55","guid":{"rendered":"https:\/\/laultimapalabra.com.mx\/portal\/?p=45578"},"modified":"2023-08-23T14:26:55","modified_gmt":"2023-08-23T20:26:55","slug":"denuncian-a-clinica-por-muerte-de-bebe","status":"publish","type":"post","link":"https:\/\/laultimapalabra.com.mx\/portal\/denuncian-a-clinica-por-muerte-de-bebe\/","title":{"rendered":"Denuncian a cl\u00ednica por muerte de beb\u00e9"},"content":{"rendered":"<p>Ju\u00e1rez, N.L.- Una familia juarense interpuso una denuncia penal en contra del Centro M\u00e9dico Santa Rosa, por presunta negligencia que caus\u00f3 el fallecimiento de una beb\u00e9 el jueves de la semana pasada.<\/p>\n<p>Emily Toto Sosme de 15 a\u00f1os de edad, arrib\u00f3 a la cl\u00ednica el jueves pasado en labor de parto, y no fue atendida hasta despu\u00e9s de varias horas.<\/p>\n<p>&nbsp;<\/p>\n<p>&nbsp;<\/p>\n<p>&nbsp;<\/p>\n<p>&nbsp;<\/p>\n<p><img loading=\"lazy\" decoding=\"async\" class=\"alignnone size-medium wp-image-45580\" src=\"https:\/\/laultimapalabra.com.mx\/portal\/wp-content\/uploads\/2023\/08\/Picsart_23-08-23_14-25-25-525-300x225.jpg\" alt=\"\" width=\"300\" height=\"225\" srcset=\"https:\/\/laultimapalabra.com.mx\/portal\/wp-content\/uploads\/2023\/08\/Picsart_23-08-23_14-25-25-525-300x225.jpg 300w, https:\/\/laultimapalabra.com.mx\/portal\/wp-content\/uploads\/2023\/08\/Picsart_23-08-23_14-25-25-525-1024x768.jpg 1024w, https:\/\/laultimapalabra.com.mx\/portal\/wp-content\/uploads\/2023\/08\/Picsart_23-08-23_14-25-25-525-768x576.jpg 768w, https:\/\/laultimapalabra.com.mx\/portal\/wp-content\/uploads\/2023\/08\/Picsart_23-08-23_14-25-25-525-1536x1152.jpg 1536w, https:\/\/laultimapalabra.com.mx\/portal\/wp-content\/uploads\/2023\/08\/Picsart_23-08-23_14-25-25-525.jpg 1600w\" sizes=\"auto, (max-width: 300px) 100vw, 300px\" \/><\/p>\n<p>La omisi\u00f3n provoc\u00f3 que le peque\u00f1a Aleyna haya comido su propio excremento, ante la tardanza para ser extra\u00edda del vientre de su madre.<\/p>\n<p>Jos\u00e9 Alfredo Montes, el padre de la ni\u00f1a y la madre dieron una entrevista en el pante\u00f3n Asturias, despu\u00e9s de dar cristiana sepultura a la bebita y anunciaron que ya se interpusieron varias denuncias en contra de la cl\u00ednica y advirtieron que el doctor Jos\u00e9 Domingo C. fue quien presuntamente asisti\u00f3 el parto en una forma tard\u00eda, raz\u00f3n aparente del deceso de la peque\u00f1ita.<\/p>\n","protected":false},"excerpt":{"rendered":"<p>Ju\u00e1rez, N.L.- Una familia juarense interpuso una denuncia penal en contra del Centro M\u00e9dico Santa Rosa, por presunta negligencia que caus\u00f3 el fallecimiento de una beb\u00e9 el jueves de la semana pasada. Emily Toto Sosme de 15 a\u00f1os de edad, arrib\u00f3 a la cl\u00ednica el jueves pasado en labor de parto, y no fue atendida [&hellip;]<\/p>\n","protected":false},"author":9,"featured_media":45579,"comment_status":"closed","ping_status":"closed","sticky":false,"template":"","format":"standard","meta":{"footnotes":""},"categories":[18],"tags":[9041,4717,3590,9042,5859],"class_list":["post-45578","post","type-post","status-publish","format-standard","has-post-thumbnail","hentry","category-locales-juarez","tag-clinica","tag-denuncia","tag-juarez-nl","tag-muerte-de-bebe","tag-ultimas-noticias"],"_links":{"self":[{"href":"https:\/\/laultimapalabra.com.mx\/portal\/wp-json\/wp\/v2\/posts\/45578","targetHints":{"allow":["GET"]}}],"collection":[{"href":"https:\/\/laultimapalabra.com.mx\/portal\/wp-json\/wp\/v2\/posts"}],"about":[{"href":"https:\/\/laultimapalabra.com.mx\/portal\/wp-json\/wp\/v2\/types\/post"}],"author":[{"embeddable":true,"href":"https:\/\/laultimapalabra.com.mx\/portal\/wp-json\/wp\/v2\/users\/9"}],"replies":[{"embeddable":true,"href":"https:\/\/laultimapalabra.com.mx\/portal\/wp-json\/wp\/v2\/comments?post=45578"}],"version-history":[{"count":1,"href":"https:\/\/laultimapalabra.com.mx\/portal\/wp-json\/wp\/v2\/posts\/45578\/revisions"}],"predecessor-version":[{"id":45581,"href":"https:\/\/laultimapalabra.com.mx\/portal\/wp-json\/wp\/v2\/posts\/45578\/revisions\/45581"}],"wp:featuredmedia":[{"embeddable":true,"href":"https:\/\/laultimapalabra.com.mx\/portal\/wp-json\/wp\/v2\/media\/45579"}],"wp:attachment":[{"href":"https:\/\/laultimapalabra.com.mx\/portal\/wp-json\/wp\/v2\/media?parent=45578"}],"wp:term":[{"taxonomy":"category","embeddable":true,"href":"https:\/\/laultimapalabra.com.mx\/portal\/wp-json\/wp\/v2\/categories?post=45578"},{"taxonomy":"post_tag","embeddable":true,"href":"https:\/\/laultimapalabra.com.mx\/portal\/wp-json\/wp\/v2\/tags?post=45578"}],"curies":[{"name":"wp","href":"https:\/\/api.w.org\/{rel}","templated":true}]}}