                       {"id":45846,"date":"2023-08-29T13:55:26","date_gmt":"2023-08-29T19:55:26","guid":{"rendered":"https:\/\/laultimapalabra.com.mx\/portal\/?p=45846"},"modified":"2023-08-29T13:55:26","modified_gmt":"2023-08-29T19:55:26","slug":"exigen-aulas-para-jardin-de-ninos-en-palmanova-en-cadereyta","status":"publish","type":"post","link":"https:\/\/laultimapalabra.com.mx\/portal\/exigen-aulas-para-jardin-de-ninos-en-palmanova-en-cadereyta\/","title":{"rendered":"Exigen aulas para jard\u00edn de ni\u00f1os en Palmanova en Cadereyta"},"content":{"rendered":"<p>Cadereyta Jim\u00e9nez, N.L.-Madres de familia de alumnos del jard\u00edn de ni\u00f1os Profr. Febronio Eduardo Chavarria Gonz\u00e1lez piden apoyo para que se construyan m\u00e1s aulas en el plantel.<\/p>\n<p>&nbsp;<\/p>\n<p>&nbsp;<\/p>\n<p>&nbsp;<\/p>\n<p>&nbsp;<\/p>\n<p><img loading=\"lazy\" decoding=\"async\" class=\"alignnone size-medium wp-image-45848\" src=\"https:\/\/laultimapalabra.com.mx\/portal\/wp-content\/uploads\/2023\/08\/Picsart_23-08-29_13-54-06-674-300x169.jpg\" alt=\"\" width=\"300\" height=\"169\" srcset=\"https:\/\/laultimapalabra.com.mx\/portal\/wp-content\/uploads\/2023\/08\/Picsart_23-08-29_13-54-06-674-300x169.jpg 300w, https:\/\/laultimapalabra.com.mx\/portal\/wp-content\/uploads\/2023\/08\/Picsart_23-08-29_13-54-06-674-1024x576.jpg 1024w, https:\/\/laultimapalabra.com.mx\/portal\/wp-content\/uploads\/2023\/08\/Picsart_23-08-29_13-54-06-674-768x432.jpg 768w, https:\/\/laultimapalabra.com.mx\/portal\/wp-content\/uploads\/2023\/08\/Picsart_23-08-29_13-54-06-674-1536x864.jpg 1536w, https:\/\/laultimapalabra.com.mx\/portal\/wp-content\/uploads\/2023\/08\/Picsart_23-08-29_13-54-06-674.jpg 1600w\" sizes=\"auto, (max-width: 300px) 100vw, 300px\" \/><\/p>\n<p>Desde el d\u00eda de ayer, madres se inconformaron con directivos del plantel debido a que les comentaron que los estudiantes iban a estar turn\u00e1ndose para asistir un d\u00eda los de 2ndo y un d\u00eda los de 3ero.<\/p>\n<p>Esta ma\u00f1ana varios peque\u00f1os fueron regresados y sacados del plantel por lo que se quedaron en el port\u00f3n grit\u00e1ndoles a las maestras que les abrieran, por lo que minutos despu\u00e9s se les di\u00f3 ingreso pero que iban a recibir las clases de 2ndo grado aunque fueran de 3ero.<\/p>\n<p>Debido a esto y que varios peque\u00f1os el d\u00eda de ayer se quedaron afuera de las aulas y sin tomar clases, es que las madres de familia decidieron alzar la voz.<\/p>\n<p>Lo \u00fanico que exigen es el derecho de los peque\u00f1os a la educaci\u00f3n y que esta forma que les plantean los directivos, los atrasar\u00eda en su aprendizaje.<\/p>\n","protected":false},"excerpt":{"rendered":"<p>Cadereyta Jim\u00e9nez, N.L.-Madres de familia de alumnos del jard\u00edn de ni\u00f1os Profr. Febronio Eduardo Chavarria Gonz\u00e1lez piden apoyo para que se construyan m\u00e1s aulas en el plantel. &nbsp; &nbsp; &nbsp; &nbsp; Desde el d\u00eda de ayer, madres se inconformaron con directivos del plantel debido a que les comentaron que los estudiantes iban a estar turn\u00e1ndose [&hellip;]<\/p>\n","protected":false},"author":9,"featured_media":45847,"comment_status":"closed","ping_status":"closed","sticky":false,"template":"","format":"standard","meta":{"footnotes":""},"categories":[17],"tags":[3840,9142,4570,5859],"class_list":["post-45846","post","type-post","status-publish","format-standard","has-post-thumbnail","hentry","category-locales-cadereyta","tag-cadereyta-jimenez-nl","tag-exigen-aulas","tag-jardin-de-ninos","tag-ultimas-noticias"],"_links":{"self":[{"href":"https:\/\/laultimapalabra.com.mx\/portal\/wp-json\/wp\/v2\/posts\/45846","targetHints":{"allow":["GET"]}}],"collection":[{"href":"https:\/\/laultimapalabra.com.mx\/portal\/wp-json\/wp\/v2\/posts"}],"about":[{"href":"https:\/\/laultimapalabra.com.mx\/portal\/wp-json\/wp\/v2\/types\/post"}],"author":[{"embeddable":true,"href":"https:\/\/laultimapalabra.com.mx\/portal\/wp-json\/wp\/v2\/users\/9"}],"replies":[{"embeddable":true,"href":"https:\/\/laultimapalabra.com.mx\/portal\/wp-json\/wp\/v2\/comments?post=45846"}],"version-history":[{"count":1,"href":"https:\/\/laultimapalabra.com.mx\/portal\/wp-json\/wp\/v2\/posts\/45846\/revisions"}],"predecessor-version":[{"id":45849,"href":"https:\/\/laultimapalabra.com.mx\/portal\/wp-json\/wp\/v2\/posts\/45846\/revisions\/45849"}],"wp:featuredmedia":[{"embeddable":true,"href":"https:\/\/laultimapalabra.com.mx\/portal\/wp-json\/wp\/v2\/media\/45847"}],"wp:attachment":[{"href":"https:\/\/laultimapalabra.com.mx\/portal\/wp-json\/wp\/v2\/media?parent=45846"}],"wp:term":[{"taxonomy":"category","embeddable":true,"href":"https:\/\/laultimapalabra.com.mx\/portal\/wp-json\/wp\/v2\/categories?post=45846"},{"taxonomy":"post_tag","embeddable":true,"href":"https:\/\/laultimapalabra.com.mx\/portal\/wp-json\/wp\/v2\/tags?post=45846"}],"curies":[{"name":"wp","href":"https:\/\/api.w.org\/{rel}","templated":true}]}}