                       {"id":45950,"date":"2023-08-31T13:36:12","date_gmt":"2023-08-31T19:36:12","guid":{"rendered":"https:\/\/laultimapalabra.com.mx\/portal\/?p=45950"},"modified":"2023-08-31T13:36:12","modified_gmt":"2023-08-31T19:36:12","slug":"hospitalizan-en-texas-a-senador-por-coahuila-armando-guadiana","status":"publish","type":"post","link":"https:\/\/laultimapalabra.com.mx\/portal\/hospitalizan-en-texas-a-senador-por-coahuila-armando-guadiana\/","title":{"rendered":"Hospitalizan en Texas a senador por Coahuila, Armando Guadiana"},"content":{"rendered":"<p>Saltillo, Coah.- El senador Armando Guadiana Tijerina se encuentra hospitalizado en Houston, Texas, donde los m\u00e9dicos lo atienden por c\u00e1ncer de pr\u00f3stata que se le diagnostic\u00f3 en 2015, inform\u00f3 el \u00e1rea de comunicaci\u00f3n social de su oficina.<\/p>\n<p>De acuerdo con la informaci\u00f3n que se proporcion\u00f3, el tambi\u00e9n ex candidato de Morena al gobierno de Coahuila \u201cse encuentra estable y en compa\u00f1\u00eda de toda su familia\u201d.<\/p>\n<p>El tambi\u00e9n empresario minero, productor de manzanas y de toros de lidia, se encontrar\u00eda estable y en proceso de recuperaci\u00f3n.<\/p>\n<p>Guadiana, ex Presidente de la Comisi\u00f3n de Econom\u00eda del Senado de la Rep\u00fablica, fue candidato de Morena a la gubernatura de Coahuila en 2017, frente al pri\u00edsta y actual gobernador, Miguel Angel Riquelme Solis, y tambi\u00e9n en junio de 2023, cuando fue derrotado por Manolo Jim\u00e9nez Salinas, tambi\u00e9n del PRI y adem\u00e1s postulado por Acci\u00f3n Nacional y el Partido de la Revoluci\u00f3n Democr\u00e1tica.<\/p>\n<p>En 2021, Guadiana tambi\u00e9n compiti\u00f3, sin \u00e9xito, por la alcald\u00eda de Saltillo, al ser superado por el pri\u00edsta Jos\u00e9 Mar\u00eda Fraustro Siller, actualmente en el cargo.<\/p>\n<p>Empresario y pol\u00edtico, Guadiana renunci\u00f3 en 2012 a su militancia en el PRI y se incorpor\u00f3 a Morena como seguidor del presidente Andr\u00e9s Manuel L\u00f3pez Obrador.<\/p>\n<p>FUENTE: LA JORNADA<\/p>\n<p>CREDITOS FOTO: LA JORNADA<\/p>\n","protected":false},"excerpt":{"rendered":"<p>Saltillo, Coah.- El senador Armando Guadiana Tijerina se encuentra hospitalizado en Houston, Texas, donde los m\u00e9dicos lo atienden por c\u00e1ncer de pr\u00f3stata que se le diagnostic\u00f3 en 2015, inform\u00f3 el \u00e1rea de comunicaci\u00f3n social de su oficina. De acuerdo con la informaci\u00f3n que se proporcion\u00f3, el tambi\u00e9n ex candidato de Morena al gobierno de Coahuila [&hellip;]<\/p>\n","protected":false},"author":9,"featured_media":45951,"comment_status":"closed","ping_status":"closed","sticky":false,"template":"","format":"standard","meta":{"footnotes":""},"categories":[19],"tags":[124,593,9184,9185,5859],"class_list":["post-45950","post","type-post","status-publish","format-standard","has-post-thumbnail","hentry","category-nacional","tag-amlo","tag-coahuila","tag-guadiana","tag-hospitalizadoentexas","tag-ultimas-noticias"],"_links":{"self":[{"href":"https:\/\/laultimapalabra.com.mx\/portal\/wp-json\/wp\/v2\/posts\/45950","targetHints":{"allow":["GET"]}}],"collection":[{"href":"https:\/\/laultimapalabra.com.mx\/portal\/wp-json\/wp\/v2\/posts"}],"about":[{"href":"https:\/\/laultimapalabra.com.mx\/portal\/wp-json\/wp\/v2\/types\/post"}],"author":[{"embeddable":true,"href":"https:\/\/laultimapalabra.com.mx\/portal\/wp-json\/wp\/v2\/users\/9"}],"replies":[{"embeddable":true,"href":"https:\/\/laultimapalabra.com.mx\/portal\/wp-json\/wp\/v2\/comments?post=45950"}],"version-history":[{"count":1,"href":"https:\/\/laultimapalabra.com.mx\/portal\/wp-json\/wp\/v2\/posts\/45950\/revisions"}],"predecessor-version":[{"id":45952,"href":"https:\/\/laultimapalabra.com.mx\/portal\/wp-json\/wp\/v2\/posts\/45950\/revisions\/45952"}],"wp:featuredmedia":[{"embeddable":true,"href":"https:\/\/laultimapalabra.com.mx\/portal\/wp-json\/wp\/v2\/media\/45951"}],"wp:attachment":[{"href":"https:\/\/laultimapalabra.com.mx\/portal\/wp-json\/wp\/v2\/media?parent=45950"}],"wp:term":[{"taxonomy":"category","embeddable":true,"href":"https:\/\/laultimapalabra.com.mx\/portal\/wp-json\/wp\/v2\/categories?post=45950"},{"taxonomy":"post_tag","embeddable":true,"href":"https:\/\/laultimapalabra.com.mx\/portal\/wp-json\/wp\/v2\/tags?post=45950"}],"curies":[{"name":"wp","href":"https:\/\/api.w.org\/{rel}","templated":true}]}}