                       {"id":45963,"date":"2023-08-31T15:25:31","date_gmt":"2023-08-31T21:25:31","guid":{"rendered":"https:\/\/laultimapalabra.com.mx\/portal\/?p=45963"},"modified":"2023-08-31T15:25:31","modified_gmt":"2023-08-31T21:25:31","slug":"se-graduan-alumnos-de-edec-universidad","status":"publish","type":"post","link":"https:\/\/laultimapalabra.com.mx\/portal\/se-graduan-alumnos-de-edec-universidad\/","title":{"rendered":"Se grad\u00faan alumnos de EDEC Universidad"},"content":{"rendered":"<p>Ju\u00e1rez, N.L.- El d\u00eda de ayer en un emotivo evento, se graduaron alrededor de 150 alumnos de los diferentes planteles de EDEC en el sal\u00f3n Convex de Morones Prieto.<\/p>\n<p>&nbsp;<\/p>\n<p>&nbsp;<\/p>\n<p>&nbsp;<\/p>\n<p>&nbsp;<\/p>\n<p><img loading=\"lazy\" decoding=\"async\" class=\"alignnone size-medium wp-image-45965\" src=\"https:\/\/laultimapalabra.com.mx\/portal\/wp-content\/uploads\/2023\/08\/Picsart_23-08-31_15-01-27-754-300x169.jpg\" alt=\"\" width=\"300\" height=\"169\" srcset=\"https:\/\/laultimapalabra.com.mx\/portal\/wp-content\/uploads\/2023\/08\/Picsart_23-08-31_15-01-27-754-300x169.jpg 300w, https:\/\/laultimapalabra.com.mx\/portal\/wp-content\/uploads\/2023\/08\/Picsart_23-08-31_15-01-27-754-1024x576.jpg 1024w, https:\/\/laultimapalabra.com.mx\/portal\/wp-content\/uploads\/2023\/08\/Picsart_23-08-31_15-01-27-754-768x432.jpg 768w, https:\/\/laultimapalabra.com.mx\/portal\/wp-content\/uploads\/2023\/08\/Picsart_23-08-31_15-01-27-754.jpg 1280w\" sizes=\"auto, (max-width: 300px) 100vw, 300px\" \/><\/p>\n<p>Los nuevos graduados de licenciaturas, ingenier\u00edas, maestr\u00edas y doctorados, son provenientes de los planteles Rangel Fr\u00edas, Apodaca, Miguel Alem\u00e1n, Revoluci\u00f3n y Eloy Cavazos, est\u00e1 \u00faltima con una alta poblaci\u00f3n estudiantil de Ju\u00e1rez, Nuevo Le\u00f3n.<\/p>\n<p>Los nuevos profesionistas agradecieron a sus padres que emocionados no pudieron contener las l\u00e1grimas del orgullo por el deber cumplido.<\/p>\n<p>Con las alegres notas de un mariachi, el solemne festejo se convirti\u00f3 en fiesta y algarab\u00eda entre padres, alumnos y directivos de EDEC Universidad.<\/p>\n","protected":false},"excerpt":{"rendered":"<p>Ju\u00e1rez, N.L.- El d\u00eda de ayer en un emotivo evento, se graduaron alrededor de 150 alumnos de los diferentes planteles de EDEC en el sal\u00f3n Convex de Morones Prieto. &nbsp; &nbsp; &nbsp; &nbsp; Los nuevos graduados de licenciaturas, ingenier\u00edas, maestr\u00edas y doctorados, son provenientes de los planteles Rangel Fr\u00edas, Apodaca, Miguel Alem\u00e1n, Revoluci\u00f3n y Eloy [&hellip;]<\/p>\n","protected":false},"author":9,"featured_media":45964,"comment_status":"closed","ping_status":"closed","sticky":false,"template":"","format":"standard","meta":{"footnotes":""},"categories":[18],"tags":[9189,7741,3590,5859,9190],"class_list":["post-45963","post","type-post","status-publish","format-standard","has-post-thumbnail","hentry","category-locales-juarez","tag-edec","tag-graduacion","tag-juarez-nl","tag-ultimas-noticias","tag-universidad"],"_links":{"self":[{"href":"https:\/\/laultimapalabra.com.mx\/portal\/wp-json\/wp\/v2\/posts\/45963","targetHints":{"allow":["GET"]}}],"collection":[{"href":"https:\/\/laultimapalabra.com.mx\/portal\/wp-json\/wp\/v2\/posts"}],"about":[{"href":"https:\/\/laultimapalabra.com.mx\/portal\/wp-json\/wp\/v2\/types\/post"}],"author":[{"embeddable":true,"href":"https:\/\/laultimapalabra.com.mx\/portal\/wp-json\/wp\/v2\/users\/9"}],"replies":[{"embeddable":true,"href":"https:\/\/laultimapalabra.com.mx\/portal\/wp-json\/wp\/v2\/comments?post=45963"}],"version-history":[{"count":1,"href":"https:\/\/laultimapalabra.com.mx\/portal\/wp-json\/wp\/v2\/posts\/45963\/revisions"}],"predecessor-version":[{"id":45966,"href":"https:\/\/laultimapalabra.com.mx\/portal\/wp-json\/wp\/v2\/posts\/45963\/revisions\/45966"}],"wp:featuredmedia":[{"embeddable":true,"href":"https:\/\/laultimapalabra.com.mx\/portal\/wp-json\/wp\/v2\/media\/45964"}],"wp:attachment":[{"href":"https:\/\/laultimapalabra.com.mx\/portal\/wp-json\/wp\/v2\/media?parent=45963"}],"wp:term":[{"taxonomy":"category","embeddable":true,"href":"https:\/\/laultimapalabra.com.mx\/portal\/wp-json\/wp\/v2\/categories?post=45963"},{"taxonomy":"post_tag","embeddable":true,"href":"https:\/\/laultimapalabra.com.mx\/portal\/wp-json\/wp\/v2\/tags?post=45963"}],"curies":[{"name":"wp","href":"https:\/\/api.w.org\/{rel}","templated":true}]}}