                       {"id":45989,"date":"2023-09-01T11:38:41","date_gmt":"2023-09-01T17:38:41","guid":{"rendered":"https:\/\/laultimapalabra.com.mx\/portal\/?p=45989"},"modified":"2023-09-01T11:38:41","modified_gmt":"2023-09-01T17:38:41","slug":"revoca-tribunal-amparo-a-garcia-cabeza-de-vaca-contra-su-aprehension","status":"publish","type":"post","link":"https:\/\/laultimapalabra.com.mx\/portal\/revoca-tribunal-amparo-a-garcia-cabeza-de-vaca-contra-su-aprehension\/","title":{"rendered":"Revoca tribunal amparo a Garc\u00eda Cabeza de Vaca contra su aprehensi\u00f3n"},"content":{"rendered":"<p>La orden de aprehensi\u00f3n contra Francisco Javier Garc\u00eda Cabeza de Vaca, ex gobernador de Tamaulipas, por delincuencia organizada y lavado de dinero, est\u00e1 vigente, advirti\u00f3 la Fiscal\u00eda General de la Rep\u00fablica (FGR), luego de que un tribunal colegiado revoc\u00f3 el amparo obtenido en febrero por el hoy coordinador en materia de seguridad del Frente Amplio de M\u00e9xico (FAM). El ex mandatario acus\u00f3 ser v\u00edctima de persecuci\u00f3n pol\u00edtica.<\/p>\n<p>La v\u00edspera, el primer tribunal colegiado de Tamaulipas revoc\u00f3 el amparo que un juzgado de distrito hab\u00eda concedido al ex gobernador para dejar insubsistente la orden de aprehensi\u00f3n por los delitos de delincuencia organizada y operaciones con recursos de procedencia il\u00edcita.<\/p>\n<p>La decisi\u00f3n del tribunal, encabezado por el magistrado Mauricio Fern\u00e1ndez de la Mora, ordena rehacer el proceso desde el principio.<\/p>\n<p>El amparo fue concedido a finales de febrero pasado por Faustino Guti\u00e9rrez P\u00e9rez, titular del juzgado octavo de distrito en Tamaulipas, para anular la orden de aprehensi\u00f3n librada el 4 de octubre de 2022 por un juez de control de Almoloya de Ju\u00e1rez, estado de M\u00e9xico. Para lograr la protecci\u00f3n de la justicia federal, los abogados de Garc\u00eda Cabeza de Vaca argumentaron presuntas violaciones al debido proceso.<\/p>\n<p>El origen del asunto es la investigaci\u00f3n de la FGR que encontr\u00f3 que el ex mandatario de Tamaulipas habr\u00eda usado una empresa fantasma para comprar un departamento en Santa Fe, Ciudad de M\u00e9xico, con valor de 14.3 millones de pesos, que luego revendi\u00f3 en 42.1 millones.<\/p>\n<p>En sus redes sociales, el ex gobernador respondi\u00f3 que la FGR ya lo hab\u00eda acusado sin \u00e9xito por esos mismos cargos, y asegur\u00f3 que todo se trata de \u201cuna burda persecuci\u00f3n pol\u00edtica\u201d en su contra.<\/p>\n<p>FUENTE: LA JORNADA<\/p>\n<p>CR\u00c9DITOS FOTO: PABLO RAMOS \/ ARCHIVO LA JORNADA<\/p>\n","protected":false},"excerpt":{"rendered":"<p>La orden de aprehensi\u00f3n contra Francisco Javier Garc\u00eda Cabeza de Vaca, ex gobernador de Tamaulipas, por delincuencia organizada y lavado de dinero, est\u00e1 vigente, advirti\u00f3 la Fiscal\u00eda General de la Rep\u00fablica (FGR), luego de que un tribunal colegiado revoc\u00f3 el amparo obtenido en febrero por el hoy coordinador en materia de seguridad del Frente Amplio [&hellip;]<\/p>\n","protected":false},"author":9,"featured_media":45990,"comment_status":"closed","ping_status":"closed","sticky":false,"template":"","format":"standard","meta":{"footnotes":""},"categories":[19],"tags":[6272,9196,9195,9194,5859],"class_list":["post-45989","post","type-post","status-publish","format-standard","has-post-thumbnail","hentry","category-nacional","tag-cabezadevaca","tag-investigacion-fgr","tag-ordendeaprehension","tag-revocan-amparo","tag-ultimas-noticias"],"_links":{"self":[{"href":"https:\/\/laultimapalabra.com.mx\/portal\/wp-json\/wp\/v2\/posts\/45989","targetHints":{"allow":["GET"]}}],"collection":[{"href":"https:\/\/laultimapalabra.com.mx\/portal\/wp-json\/wp\/v2\/posts"}],"about":[{"href":"https:\/\/laultimapalabra.com.mx\/portal\/wp-json\/wp\/v2\/types\/post"}],"author":[{"embeddable":true,"href":"https:\/\/laultimapalabra.com.mx\/portal\/wp-json\/wp\/v2\/users\/9"}],"replies":[{"embeddable":true,"href":"https:\/\/laultimapalabra.com.mx\/portal\/wp-json\/wp\/v2\/comments?post=45989"}],"version-history":[{"count":1,"href":"https:\/\/laultimapalabra.com.mx\/portal\/wp-json\/wp\/v2\/posts\/45989\/revisions"}],"predecessor-version":[{"id":45991,"href":"https:\/\/laultimapalabra.com.mx\/portal\/wp-json\/wp\/v2\/posts\/45989\/revisions\/45991"}],"wp:featuredmedia":[{"embeddable":true,"href":"https:\/\/laultimapalabra.com.mx\/portal\/wp-json\/wp\/v2\/media\/45990"}],"wp:attachment":[{"href":"https:\/\/laultimapalabra.com.mx\/portal\/wp-json\/wp\/v2\/media?parent=45989"}],"wp:term":[{"taxonomy":"category","embeddable":true,"href":"https:\/\/laultimapalabra.com.mx\/portal\/wp-json\/wp\/v2\/categories?post=45989"},{"taxonomy":"post_tag","embeddable":true,"href":"https:\/\/laultimapalabra.com.mx\/portal\/wp-json\/wp\/v2\/tags?post=45989"}],"curies":[{"name":"wp","href":"https:\/\/api.w.org\/{rel}","templated":true}]}}