                       {"id":4602,"date":"2018-11-09T19:58:41","date_gmt":"2018-11-09T19:58:41","guid":{"rendered":"http:\/\/laultimapalabra.info\/?p=4602"},"modified":"2024-12-11T08:53:22","modified_gmt":"2024-12-11T14:53:22","slug":"alertan-por-fuerte-descenso-en-temperatura","status":"publish","type":"post","link":"https:\/\/laultimapalabra.com.mx\/portal\/alertan-por-fuerte-descenso-en-temperatura\/","title":{"rendered":"Alertan por fuerte descenso en temperatura"},"content":{"rendered":"<p style=\"text-align: justify;\"><img loading=\"lazy\" decoding=\"async\" class=\"size-medium wp-image-4603 alignleft\" src=\"https:\/\/laultimapalabra.com.mx\/portal\/wp-content\/uploads\/2018\/11\/6612621-300x200.jpg\" alt=\"\" width=\"300\" height=\"200\" \/>*A partir de la ma\u00f1ana de hoy, la temperatura empez\u00f3 a bajar y se prev\u00e9 que por la noche y la madrugada ronde los 10 grados cent\u00edgrados.<\/p>\n<p style=\"text-align: justify;\">Monterrey, M\u00e9xico (09 noviembre 2018).-<br \/>\nLa Comisi\u00f3n Nacional del Agua alert\u00f3 por la llegada de un frente fr\u00edo que podr\u00eda traer, a partir del lunes, un fuerte descenso en las temperaturas, nieve o aguanieve y rachas de viento de hasta 60 kil\u00f3metros por hora.<br \/>\nEn un comunicado, la dependencia federal pidi\u00f3 a la poblaci\u00f3n tomar precauciones y mantenerse informada sobre los avisos meteorol\u00f3gicos.<br \/>\n&#8220;Se prev\u00e9 que en el transcurso del d\u00eda lunes 12 de noviembre un nuevo sistema frontal ingrese al norte y noreste del Pa\u00eds&#8221;, dice el texto de la Conagua.<br \/>\n&#8220;La intensa masa de aire polar asociada originar\u00e1 un marcado descenso en las temperaturas as\u00ed como una probabilidad para la ca\u00edda de aguanieve o nieve en las zonas monta\u00f1osas de Nuevo Le\u00f3n y Coahuila a partir de la noche del lunes 12 y hasta las primeras horas de la ma\u00f1ana del martes 13 de noviembre&#8221;.<br \/>\nSin embargo, lo m\u00e1s intenso del frente podr\u00eda presentarse el lunes.<br \/>\nFUENTE: EL NORTE<\/p>\n","protected":false},"excerpt":{"rendered":"<p>*A partir de la ma\u00f1ana de hoy, la temperatura empez\u00f3 a bajar y se prev\u00e9 que por la noche y la madrugada ronde los 10 grados cent\u00edgrados. Monterrey, M\u00e9xico (09 noviembre 2018).- La Comisi\u00f3n Nacional del Agua alert\u00f3 por la llegada de un frente fr\u00edo que podr\u00eda traer, a partir del lunes, un fuerte descenso [&hellip;]<\/p>\n","protected":false},"author":9,"featured_media":4603,"comment_status":"open","ping_status":"closed","sticky":false,"template":"","format":"standard","meta":{"footnotes":""},"categories":[15],"tags":[577],"class_list":["post-4602","post","type-post","status-publish","format-standard","has-post-thumbnail","hentry","category-estado","tag-clima"],"_links":{"self":[{"href":"https:\/\/laultimapalabra.com.mx\/portal\/wp-json\/wp\/v2\/posts\/4602","targetHints":{"allow":["GET"]}}],"collection":[{"href":"https:\/\/laultimapalabra.com.mx\/portal\/wp-json\/wp\/v2\/posts"}],"about":[{"href":"https:\/\/laultimapalabra.com.mx\/portal\/wp-json\/wp\/v2\/types\/post"}],"author":[{"embeddable":true,"href":"https:\/\/laultimapalabra.com.mx\/portal\/wp-json\/wp\/v2\/users\/9"}],"replies":[{"embeddable":true,"href":"https:\/\/laultimapalabra.com.mx\/portal\/wp-json\/wp\/v2\/comments?post=4602"}],"version-history":[{"count":1,"href":"https:\/\/laultimapalabra.com.mx\/portal\/wp-json\/wp\/v2\/posts\/4602\/revisions"}],"predecessor-version":[{"id":65492,"href":"https:\/\/laultimapalabra.com.mx\/portal\/wp-json\/wp\/v2\/posts\/4602\/revisions\/65492"}],"wp:featuredmedia":[{"embeddable":true,"href":"https:\/\/laultimapalabra.com.mx\/portal\/wp-json\/"}],"wp:attachment":[{"href":"https:\/\/laultimapalabra.com.mx\/portal\/wp-json\/wp\/v2\/media?parent=4602"}],"wp:term":[{"taxonomy":"category","embeddable":true,"href":"https:\/\/laultimapalabra.com.mx\/portal\/wp-json\/wp\/v2\/categories?post=4602"},{"taxonomy":"post_tag","embeddable":true,"href":"https:\/\/laultimapalabra.com.mx\/portal\/wp-json\/wp\/v2\/tags?post=4602"}],"curies":[{"name":"wp","href":"https:\/\/api.w.org\/{rel}","templated":true}]}}