                       {"id":46084,"date":"2023-09-04T11:58:26","date_gmt":"2023-09-04T17:58:26","guid":{"rendered":"https:\/\/laultimapalabra.com.mx\/portal\/?p=46084"},"modified":"2023-09-04T11:58:26","modified_gmt":"2023-09-04T17:58:26","slug":"ungieron-a-xochitl-galvez-como-aspirante-de-la-oposicion","status":"publish","type":"post","link":"https:\/\/laultimapalabra.com.mx\/portal\/ungieron-a-xochitl-galvez-como-aspirante-de-la-oposicion\/","title":{"rendered":"Ungieron a X\u00f3chitl G\u00e1lvez como aspirante de la oposici\u00f3n"},"content":{"rendered":"<p>Ciudad de M\u00e9xico. X\u00f3chitl G\u00e1lvez Ruiz fue ungida ayer como candidata presidencial del Frente Amplio por M\u00e9xico (FAM), en un acto en el que se lanz\u00f3 una vez m\u00e1s contra la administraci\u00f3n obradorista. \u201cQuienes dijeron que juntos har\u00edan historia acabaron en pandilla, est\u00e1n juntos, pero no hicieron historia, porque la historia no se hace dividiendo, no se hace inculcando el odio entre los mexicanos, sino sumando\u2026 La historia no se hace en la discordia, sino en la reconciliaci\u00f3n\u201d.<\/p>\n<p>La senadora sostuvo que los problemas \u201cno se arreglan con ideolog\u00eda, sino con soluciones\u201d, por lo que mantendr\u00eda, de ganar en 2024, las pol\u00edticas p\u00fablicas que, a su consideraci\u00f3n, sirven, y cambiar\u00eda las que no funcionan. \u201cMi regla de oro: ni huevones ni rateros ni pendejos\u201d, insisti\u00f3, respecto de lo que espera de sus colaboradores.<\/p>\n<p>Recibi\u00f3 su constancia como coordinadora del FAM, en una concentraci\u00f3n en el \u00c1ngel de la Independencia, donde invit\u00f3 para acompa\u00f1arla a la activista Cecilia Flores, madre buscadora de desaparecidos; Elsa Ortigoza, dedicada al reciclaje de materiales y a quien present\u00f3 como una madre aspiracionista; y a Nicol\u00e1s Olgu\u00edn, l\u00edder de una comunidad ind\u00edgena en Ixmiquilpan. A los tres les cedi\u00f3 brevemente el micr\u00f3fono.<\/p>\n<p>Junto a panistas, pri\u00edstas y perredistas, G\u00e1lvez reconoci\u00f3 que sigue abajo de Morena en las encuestas de preferencia electoral, pero calcul\u00f3 que si en dos meses \u201cestamos por alcanzar\u201d a ese partido, \u201ces porque podemos ganar\u201d. En ese sentido, confi\u00f3 en obtener el triunfo en los comicios del pr\u00f3ximo a\u00f1o y resumi\u00f3 el \u00e1nimo imperante entre los asistentes que la arroparon en el \u00c1ngel y en Paseo de la Reforma: \u201cLa esperanza ya cambi\u00f3 de manos, la esperanza ahora es nuestra\u201d.<\/p>\n<p>Las alusiones al partido mayoritario fueron frecuentes en su discurso de 23 minutos, interrumpido por las consignas de \u201c\u00a1X\u00f3chitl, presidenta!\u201d, \u201c\u00a1X\u00f3chitl, presidenta!\u201d Los banderines tricolores, del PAN y del PRD se mezclaron en el acto organizado a la vieja usanza, con personas llevadas en autobuses estacionados en calles aleda\u00f1as a Paseo de la Reforma, hasta en doble fila.<\/p>\n<p>Desde temprana hora, fue evidente la movilizaci\u00f3n de la estructura pri\u00edsta. Los primeros en llegar, cuatro horas antes de que comenzara la ceremonia, fueron comerciantes del centro de la Ciudad de M\u00e9xico que se apresuraron a ocupar los lugares cercanos al templete.<\/p>\n<p>Panistas y perredistas arribaron posteriormente, muchos provenientes de las alcald\u00edas gobernadas por la oposici\u00f3n, que al mismo tiempo promocionaban a otros aspirantes a cargos de elecci\u00f3n popular en la capital.<\/p>\n<p>Tambi\u00e9n asistieron quienes se diferenciaron de los militantes partidistas por su atuendo rosa, como el que predomin\u00f3 en la marcha \u201cpor la defensa\u201d del Instituto Nacional Electoral (INE). En el templete, G\u00e1lvez estuvo acompa\u00f1ada de los dirigentes del FAM, Alejandro Moreno, Marko Cort\u00e9s y Jes\u00fas Zambrano.<\/p>\n<p>Desde el inicio de su discurso, la legisladora dijo que hace dos meses la oposici\u00f3n estaba desunida y desmoralizada e incluso se dec\u00eda que no exist\u00eda, pero en muy poco tiempo \u201cle dimos la vuelta al pesimismo\u2026 \u00a1Aqu\u00ed est\u00e1 la oposici\u00f3n!\u201d<\/p>\n<p>Adem\u00e1s, present\u00f3 los ejes que guiar\u00e1n su actuaci\u00f3n en la campa\u00f1a: \u201cNo vamos a seguir dividiendo a M\u00e9xico\u2026 no vamos a recurrir a la ofensa, al insulto, a la descalificaci\u00f3n. M\u00e9xico necesita una presidenta que respete a todas y a todos, que gobierne para todas y para todos\u201d.<\/p>\n<p>Asegur\u00f3 que hablar\u00e1 con la verdad, \u201cpor dolorosa que sea; les dir\u00e9 las cosas tal como son, sin adornos y sin cuentos; siempre les dir\u00e9 la neta\u201d. Ofreci\u00f3 reconocer los errores del pasado, pero defender lo que se hizo bien, en referencia a los gobiernos encabezados por los partidos que ahora la impulsan.<\/p>\n<p>Al agregar que le dar\u00e1 prioridad a escuchar todas las voces y que se acab\u00f3 s\u00f3lo hablar, abri\u00f3 la puerta a quienes quieran sumarse de \u201cbuena fe\u201d y plante\u00f3: \u201cYo no tengo formalmente un partido, no tengo filias ni fobias, soy pol\u00edticamente dalt\u00f3nica, s\u00f3lo veo un color, el color de M\u00e9xico\u201d.<\/p>\n<p>La senadora panista ofreci\u00f3 respeto a la clase media, a la diversidad, a las personas con discapacidad, a las madres buscadoras, a los padres de los ni\u00f1os enfermos, a los abuelos, ambientalistas, cient\u00edficos y acad\u00e9micos \u201cninguneados\u201d, estudiantes que quieren progresar, migrantes, a doctores y enfermeras, polic\u00edas, maestros, soldados y marinos, \u201clos verdaderos h\u00e9roes\u201d, as\u00ed como a los periodistas \u201cpor su trabajo, fundamental para nuestra democracia\u201d.<\/p>\n<p>G\u00e1lvez se retir\u00f3 de la columna de la Independencia en medio de un tumulto de seguidores, a quienes, al citar el Himno Nacional, convoc\u00f3 a lidiar con valor y con amor. Concluy\u00f3 con un \u201c\u00a1Viva M\u00e9xico! Hoy la esperanza es nuestra\u201d.<\/p>\n<p>FUENTE: LA JORNADA<\/p>\n<p>CR\u00c9DITOS FOTO : San Diego uni\u00f3n tribune<\/p>\n","protected":false},"excerpt":{"rendered":"<p>Ciudad de M\u00e9xico. X\u00f3chitl G\u00e1lvez Ruiz fue ungida ayer como candidata presidencial del Frente Amplio por M\u00e9xico (FAM), en un acto en el que se lanz\u00f3 una vez m\u00e1s contra la administraci\u00f3n obradorista. \u201cQuienes dijeron que juntos har\u00edan historia acabaron en pandilla, est\u00e1n juntos, pero no hicieron historia, porque la historia no se hace dividiendo, [&hellip;]<\/p>\n","protected":false},"author":9,"featured_media":46085,"comment_status":"closed","ping_status":"closed","sticky":false,"template":"","format":"standard","meta":{"footnotes":""},"categories":[19],"tags":[9225,8058,5859,9224,8346],"class_list":["post-46084","post","type-post","status-publish","format-standard","has-post-thumbnail","hentry","category-nacional","tag-angeldelaindependencia","tag-oposicion","tag-ultimas-noticias","tag-ungieron","tag-xochitlgalvez"],"_links":{"self":[{"href":"https:\/\/laultimapalabra.com.mx\/portal\/wp-json\/wp\/v2\/posts\/46084","targetHints":{"allow":["GET"]}}],"collection":[{"href":"https:\/\/laultimapalabra.com.mx\/portal\/wp-json\/wp\/v2\/posts"}],"about":[{"href":"https:\/\/laultimapalabra.com.mx\/portal\/wp-json\/wp\/v2\/types\/post"}],"author":[{"embeddable":true,"href":"https:\/\/laultimapalabra.com.mx\/portal\/wp-json\/wp\/v2\/users\/9"}],"replies":[{"embeddable":true,"href":"https:\/\/laultimapalabra.com.mx\/portal\/wp-json\/wp\/v2\/comments?post=46084"}],"version-history":[{"count":1,"href":"https:\/\/laultimapalabra.com.mx\/portal\/wp-json\/wp\/v2\/posts\/46084\/revisions"}],"predecessor-version":[{"id":46086,"href":"https:\/\/laultimapalabra.com.mx\/portal\/wp-json\/wp\/v2\/posts\/46084\/revisions\/46086"}],"wp:featuredmedia":[{"embeddable":true,"href":"https:\/\/laultimapalabra.com.mx\/portal\/wp-json\/wp\/v2\/media\/46085"}],"wp:attachment":[{"href":"https:\/\/laultimapalabra.com.mx\/portal\/wp-json\/wp\/v2\/media?parent=46084"}],"wp:term":[{"taxonomy":"category","embeddable":true,"href":"https:\/\/laultimapalabra.com.mx\/portal\/wp-json\/wp\/v2\/categories?post=46084"},{"taxonomy":"post_tag","embeddable":true,"href":"https:\/\/laultimapalabra.com.mx\/portal\/wp-json\/wp\/v2\/tags?post=46084"}],"curies":[{"name":"wp","href":"https:\/\/api.w.org\/{rel}","templated":true}]}}