                       {"id":46090,"date":"2023-09-04T12:08:27","date_gmt":"2023-09-04T18:08:27","guid":{"rendered":"https:\/\/laultimapalabra.com.mx\/portal\/?p=46090"},"modified":"2023-09-04T12:08:27","modified_gmt":"2023-09-04T18:08:27","slug":"depresion-dana-provoca-fuertes-lluvias-caos-e-inundaciones-en-madrid","status":"publish","type":"post","link":"https:\/\/laultimapalabra.com.mx\/portal\/depresion-dana-provoca-fuertes-lluvias-caos-e-inundaciones-en-madrid\/","title":{"rendered":"Depresi\u00f3n Dana provoca fuertes lluvias, caos e inundaciones en Madrid"},"content":{"rendered":"<p>Madrid.- La previsi\u00f3n de lluvias torrenciales mantiene en alerta a buena parte de Espa\u00f1a, en especial en zonas como Madrid donde se recomienda permanecer en casa, mientras en algunos lugares se han producido inundaciones con personas rescatadas de viviendas y veh\u00edculos, adem\u00e1s de cortes de carretera y de ferrocarril.<\/p>\n<p>La Agencia Estatal de Meteorolog\u00eda emiti\u00f3 una alerta roja, el nivel m\u00e1ximo, por riesgo extremo, para este domingo en las provincias de Madrid y Toledo, en el centro del pa\u00eds, ante la previsi\u00f3n de fuertes lluvias que pueden llegar a acumular m\u00e1s de 120 litros de agua por metro cuadrado.<\/p>\n<p>La alerta est\u00e1 motivada por lo que se denomina una depresi\u00f3n aislada en niveles altos (DANA), que seg\u00fan la agencia meteorol\u00f3gica puede producir &#8220;da\u00f1os muy graves o catastr\u00f3ficos a personas y bienes&#8221;.<\/p>\n<p>El alcalde de la capital espa\u00f1ola, Jos\u00e9 Luis Mart\u00ednez-Almeida, pidi\u00f3 a los ciudadanos que &#8220;permanezcan en sus domicilios salvo que sea imprescindible que tengan que hacer un desplazamiento&#8221;, dada la situaci\u00f3n &#8220;excepcional y an\u00f3mala&#8221; pues previsiblemente se batir\u00e1 el r\u00e9cord de precipitaciones en la ciudad, de algo m\u00e1s de tres millones de habitantes.<\/p>\n<p>El servicio de emergencias de Madrid envi\u00f3 un mensaje a los tel\u00e9fonos m\u00f3viles de su zona de cobertura para pedir a los ciudadanos que no salgan de sus domicilios si no es necesario y eviten utilizar el veh\u00edculo privado.<\/p>\n<p>FUENTE: EL NACIONAL<\/p>\n<p>CR\u00c9DITOS FOTO: ABC NOTICIAS<\/p>\n","protected":false},"excerpt":{"rendered":"<p>Madrid.- La previsi\u00f3n de lluvias torrenciales mantiene en alerta a buena parte de Espa\u00f1a, en especial en zonas como Madrid donde se recomienda permanecer en casa, mientras en algunos lugares se han producido inundaciones con personas rescatadas de viviendas y veh\u00edculos, adem\u00e1s de cortes de carretera y de ferrocarril. La Agencia Estatal de Meteorolog\u00eda emiti\u00f3 [&hellip;]<\/p>\n","protected":false},"author":9,"featured_media":46091,"comment_status":"closed","ping_status":"closed","sticky":false,"template":"","format":"standard","meta":{"footnotes":""},"categories":[16],"tags":[9229,9228,9230,6470,5859],"class_list":["post-46090","post","type-post","status-publish","format-standard","has-post-thumbnail","hentry","category-internacional","tag-dana","tag-depresionespana","tag-lluviastorrenciales","tag-madrid","tag-ultimas-noticias"],"_links":{"self":[{"href":"https:\/\/laultimapalabra.com.mx\/portal\/wp-json\/wp\/v2\/posts\/46090","targetHints":{"allow":["GET"]}}],"collection":[{"href":"https:\/\/laultimapalabra.com.mx\/portal\/wp-json\/wp\/v2\/posts"}],"about":[{"href":"https:\/\/laultimapalabra.com.mx\/portal\/wp-json\/wp\/v2\/types\/post"}],"author":[{"embeddable":true,"href":"https:\/\/laultimapalabra.com.mx\/portal\/wp-json\/wp\/v2\/users\/9"}],"replies":[{"embeddable":true,"href":"https:\/\/laultimapalabra.com.mx\/portal\/wp-json\/wp\/v2\/comments?post=46090"}],"version-history":[{"count":1,"href":"https:\/\/laultimapalabra.com.mx\/portal\/wp-json\/wp\/v2\/posts\/46090\/revisions"}],"predecessor-version":[{"id":46092,"href":"https:\/\/laultimapalabra.com.mx\/portal\/wp-json\/wp\/v2\/posts\/46090\/revisions\/46092"}],"wp:featuredmedia":[{"embeddable":true,"href":"https:\/\/laultimapalabra.com.mx\/portal\/wp-json\/wp\/v2\/media\/46091"}],"wp:attachment":[{"href":"https:\/\/laultimapalabra.com.mx\/portal\/wp-json\/wp\/v2\/media?parent=46090"}],"wp:term":[{"taxonomy":"category","embeddable":true,"href":"https:\/\/laultimapalabra.com.mx\/portal\/wp-json\/wp\/v2\/categories?post=46090"},{"taxonomy":"post_tag","embeddable":true,"href":"https:\/\/laultimapalabra.com.mx\/portal\/wp-json\/wp\/v2\/tags?post=46090"}],"curies":[{"name":"wp","href":"https:\/\/api.w.org\/{rel}","templated":true}]}}