                       {"id":4611,"date":"2018-11-09T20:35:13","date_gmt":"2018-11-09T20:35:13","guid":{"rendered":"http:\/\/laultimapalabra.info\/?p=4611"},"modified":"2024-12-11T08:53:22","modified_gmt":"2024-12-11T14:53:22","slug":"golpea-con-tubo-a-su-hija-de-5-anos","status":"publish","type":"post","link":"https:\/\/laultimapalabra.com.mx\/portal\/golpea-con-tubo-a-su-hija-de-5-anos\/","title":{"rendered":"Golpea con tubo a su hija de 5 a\u00f1os"},"content":{"rendered":"<p style=\"text-align: justify;\"><img loading=\"lazy\" decoding=\"async\" class=\"size-medium wp-image-4612 alignleft\" src=\"https:\/\/laultimapalabra.com.mx\/portal\/wp-content\/uploads\/2018\/11\/7487642-300x200.jpg\" alt=\"\" width=\"300\" height=\"200\" \/>Monterrey, M\u00e9xico (09 noviembre 2018).- Por golpear a su hija de 5 a\u00f1os con un tubo, un hombre fue detenido por la Polic\u00eda de Monterrey, en la Colonia CROC.<br \/>\nSu pareja y madre de la ni\u00f1a tambi\u00e9n fue capturada porque trat\u00f3 de encubrir la agresi\u00f3n.<br \/>\nLos sospechosos fueron identificados como Jos\u00e9 \u00c1ngel M., de 47 a\u00f1os, y Nora Idalia A., de 24.<br \/>\nMediante un comunicado, la corporaci\u00f3n inform\u00f3 que la detenci\u00f3n fue realizada a las 9:45 horas en una casa ubicada en las calles Emancipaci\u00f3n Proletaria y Santos Palomo.<br \/>\nSe precis\u00f3 que la agresi\u00f3n fue cometida durante la madrugada de hoy, sin embargo, la mam\u00e1 le orden\u00f3 a la ni\u00f1a que no dijera nada.<br \/>\nPero vecinos que se dieron cuenta del maltrato que sufr\u00eda la ni\u00f1a lo reportaron a la autoridad municipal.<br \/>\nUniformados asignados a la Unidad de Atenci\u00f3n a V\u00edctimas de Violencia Familiar y de G\u00e9nero, con apoyo del DIF, acudieron a investigar.<br \/>\nCuando llegaron, la ni\u00f1a estaba afuera del domicilio y presentaba golpes en el rostro.<br \/>\nSe detall\u00f3 que la menor ten\u00eda fracturada la nariz, un golpe en un ojo y heridas en los labios.<br \/>\nCon el testimonio de la ni\u00f1a, las autoridades establecieron que fue atacada con un tubo.<br \/>\nAparentemente, la pareja es adicta a las drogas.<br \/>\nLa pareja fue puesta a disposici\u00f3n del Ministerio P\u00fablico, mientras que la ni\u00f1a qued\u00f3 bajo resguardo del DIF Capullos.<\/p>\n<p style=\"text-align: justify;\">FUENTE: EL NORTE<\/p>\n","protected":false},"excerpt":{"rendered":"<p>Monterrey, M\u00e9xico (09 noviembre 2018).- Por golpear a su hija de 5 a\u00f1os con un tubo, un hombre fue detenido por la Polic\u00eda de Monterrey, en la Colonia CROC. Su pareja y madre de la ni\u00f1a tambi\u00e9n fue capturada porque trat\u00f3 de encubrir la agresi\u00f3n. Los sospechosos fueron identificados como Jos\u00e9 \u00c1ngel M., de 47 [&hellip;]<\/p>\n","protected":false},"author":9,"featured_media":4612,"comment_status":"open","ping_status":"closed","sticky":false,"template":"","format":"standard","meta":{"footnotes":""},"categories":[15,8],"tags":[1474],"class_list":["post-4611","post","type-post","status-publish","format-standard","has-post-thumbnail","hentry","category-estado","category-seguridad","tag-maltrato-infantil"],"_links":{"self":[{"href":"https:\/\/laultimapalabra.com.mx\/portal\/wp-json\/wp\/v2\/posts\/4611","targetHints":{"allow":["GET"]}}],"collection":[{"href":"https:\/\/laultimapalabra.com.mx\/portal\/wp-json\/wp\/v2\/posts"}],"about":[{"href":"https:\/\/laultimapalabra.com.mx\/portal\/wp-json\/wp\/v2\/types\/post"}],"author":[{"embeddable":true,"href":"https:\/\/laultimapalabra.com.mx\/portal\/wp-json\/wp\/v2\/users\/9"}],"replies":[{"embeddable":true,"href":"https:\/\/laultimapalabra.com.mx\/portal\/wp-json\/wp\/v2\/comments?post=4611"}],"version-history":[{"count":1,"href":"https:\/\/laultimapalabra.com.mx\/portal\/wp-json\/wp\/v2\/posts\/4611\/revisions"}],"predecessor-version":[{"id":65498,"href":"https:\/\/laultimapalabra.com.mx\/portal\/wp-json\/wp\/v2\/posts\/4611\/revisions\/65498"}],"wp:featuredmedia":[{"embeddable":true,"href":"https:\/\/laultimapalabra.com.mx\/portal\/wp-json\/"}],"wp:attachment":[{"href":"https:\/\/laultimapalabra.com.mx\/portal\/wp-json\/wp\/v2\/media?parent=4611"}],"wp:term":[{"taxonomy":"category","embeddable":true,"href":"https:\/\/laultimapalabra.com.mx\/portal\/wp-json\/wp\/v2\/categories?post=4611"},{"taxonomy":"post_tag","embeddable":true,"href":"https:\/\/laultimapalabra.com.mx\/portal\/wp-json\/wp\/v2\/tags?post=4611"}],"curies":[{"name":"wp","href":"https:\/\/api.w.org\/{rel}","templated":true}]}}