                       {"id":46127,"date":"2023-09-04T23:11:58","date_gmt":"2023-09-05T05:11:58","guid":{"rendered":"https:\/\/laultimapalabra.com.mx\/portal\/?p=46127"},"modified":"2023-09-04T23:12:05","modified_gmt":"2023-09-05T05:12:05","slug":"se-seca-rio-san-bartolo","status":"publish","type":"post","link":"https:\/\/laultimapalabra.com.mx\/portal\/se-seca-rio-san-bartolo\/","title":{"rendered":"Se seca r\u00edo San Bartolo"},"content":{"rendered":"\n<p>Cadereyta Jim\u00e9nez, N.L.-La sequ\u00eda por la que atraviesa el Estado de Nuevo Le\u00f3n ha dejado sin agua al r\u00edo San Bartolo, en el municipio de Cadereyta.<br>La zona del puente de la comunidad de La Chueca, es donde se aprecia m\u00e1s la escasez del vital l\u00edquido.<br>Habitantes de la zona que se dedican a la pesca, lograron sacar algunos peces que se quedaron estancados en algunos &#8220;charcos&#8221; entre las piedras.<br>La incertidumbre crece ante la nula presencia de las lluvias y seg\u00fan los pron\u00f3sticos no son nada favorables para los pr\u00f3ximos d\u00edas.<br>Dif\u00edcil la situaci\u00f3n debido a la crisis de agua, ya que este r\u00edo es muy concurrido por los jimenenses los fines de semana, pero que ahora tendr\u00e1n que buscar otros parajes para distraerse y refrescarse un poco.<\/p>\n\n\n\n<figure class=\"wp-block-image size-large\"><img loading=\"lazy\" decoding=\"async\" width=\"1024\" height=\"530\" src=\"https:\/\/laultimapalabra.com.mx\/portal\/wp-content\/uploads\/2023\/09\/picsart_23-09-04_23-09-43-9857885724404449515249-1024x530.jpg\" alt=\"\" class=\"wp-image-46126\" srcset=\"https:\/\/laultimapalabra.com.mx\/portal\/wp-content\/uploads\/2023\/09\/picsart_23-09-04_23-09-43-9857885724404449515249-1024x530.jpg 1024w, https:\/\/laultimapalabra.com.mx\/portal\/wp-content\/uploads\/2023\/09\/picsart_23-09-04_23-09-43-9857885724404449515249-300x155.jpg 300w, https:\/\/laultimapalabra.com.mx\/portal\/wp-content\/uploads\/2023\/09\/picsart_23-09-04_23-09-43-9857885724404449515249-768x398.jpg 768w, https:\/\/laultimapalabra.com.mx\/portal\/wp-content\/uploads\/2023\/09\/picsart_23-09-04_23-09-43-9857885724404449515249-1536x796.jpg 1536w, https:\/\/laultimapalabra.com.mx\/portal\/wp-content\/uploads\/2023\/09\/picsart_23-09-04_23-09-43-9857885724404449515249-2048x1061.jpg 2048w\" sizes=\"auto, (max-width: 1024px) 100vw, 1024px\" \/><\/figure>\n","protected":false},"excerpt":{"rendered":"<p>Cadereyta Jim\u00e9nez, N.L.-La sequ\u00eda por la que atraviesa el Estado de Nuevo Le\u00f3n ha dejado sin agua al r\u00edo San Bartolo, en el municipio de Cadereyta.La zona del puente de la comunidad de La Chueca, es donde se aprecia m\u00e1s la escasez del vital l\u00edquido.Habitantes de la zona que se dedican a la pesca, lograron [&hellip;]<\/p>\n","protected":false},"author":7,"featured_media":46125,"comment_status":"closed","ping_status":"closed","sticky":false,"template":"","format":"standard","meta":{"footnotes":""},"categories":[17],"tags":[9244,9243,9242,2473,5287],"class_list":["post-46127","post","type-post","status-publish","format-standard","has-post-thumbnail","hentry","category-locales-cadereyta","tag-rio-san-bartolo","tag-san-bartolo","tag-se-seca-el-rio","tag-sequia-cadereyta","tag-sin-agua"],"_links":{"self":[{"href":"https:\/\/laultimapalabra.com.mx\/portal\/wp-json\/wp\/v2\/posts\/46127","targetHints":{"allow":["GET"]}}],"collection":[{"href":"https:\/\/laultimapalabra.com.mx\/portal\/wp-json\/wp\/v2\/posts"}],"about":[{"href":"https:\/\/laultimapalabra.com.mx\/portal\/wp-json\/wp\/v2\/types\/post"}],"author":[{"embeddable":true,"href":"https:\/\/laultimapalabra.com.mx\/portal\/wp-json\/wp\/v2\/users\/7"}],"replies":[{"embeddable":true,"href":"https:\/\/laultimapalabra.com.mx\/portal\/wp-json\/wp\/v2\/comments?post=46127"}],"version-history":[{"count":1,"href":"https:\/\/laultimapalabra.com.mx\/portal\/wp-json\/wp\/v2\/posts\/46127\/revisions"}],"predecessor-version":[{"id":46128,"href":"https:\/\/laultimapalabra.com.mx\/portal\/wp-json\/wp\/v2\/posts\/46127\/revisions\/46128"}],"wp:featuredmedia":[{"embeddable":true,"href":"https:\/\/laultimapalabra.com.mx\/portal\/wp-json\/wp\/v2\/media\/46125"}],"wp:attachment":[{"href":"https:\/\/laultimapalabra.com.mx\/portal\/wp-json\/wp\/v2\/media?parent=46127"}],"wp:term":[{"taxonomy":"category","embeddable":true,"href":"https:\/\/laultimapalabra.com.mx\/portal\/wp-json\/wp\/v2\/categories?post=46127"},{"taxonomy":"post_tag","embeddable":true,"href":"https:\/\/laultimapalabra.com.mx\/portal\/wp-json\/wp\/v2\/tags?post=46127"}],"curies":[{"name":"wp","href":"https:\/\/api.w.org\/{rel}","templated":true}]}}