                       {"id":46209,"date":"2023-09-06T12:47:35","date_gmt":"2023-09-06T18:47:35","guid":{"rendered":"https:\/\/laultimapalabra.com.mx\/portal\/?p=46209"},"modified":"2023-09-06T12:47:35","modified_gmt":"2023-09-06T18:47:35","slug":"descarta-amlo-posibilidad-de-que-poder-judicial-desestabilice-su-gobierno","status":"publish","type":"post","link":"https:\/\/laultimapalabra.com.mx\/portal\/descarta-amlo-posibilidad-de-que-poder-judicial-desestabilice-su-gobierno\/","title":{"rendered":"Descarta AMLO posibilidad de que Poder Judicial desestabilice su gobierno"},"content":{"rendered":"<p>Ciudad de M\u00e9xico. El presidente Andr\u00e9s Manuel L\u00f3pez Obrador descart\u00f3 este mi\u00e9rcoles que observe presiones del Poder Judicial que puedan desestabilizar su gobierno e insisti\u00f3 en una reforma a dicho Poder para que los ministros, jueces y magistrados sean electos por los ciudadanos.<\/p>\n<p>\u201cEl mejor m\u00e9todo para limpiar y purificar la vida p\u00fablica es el m\u00e9todo democr\u00e1tico\u201d, declar\u00f3 el mandatario en su conferencia de prensa ma\u00f1anera en Palacio Nacional, donde insisti\u00f3 en que los problemas estructurales del Poder Judicial \u201cno se van a resolver milagrosamente\u201d, pero opin\u00f3 que un primer paso ser\u00eda que los ministros, jueces y magistrados, \u201cno le deban a ni ning\u00fan pol\u00edtico el cargo, o a los l\u00edderes de los partidos, o incluso al presidente, que le deban el cargo al pueblo para que defiendan al pueblo\u201d.<\/p>\n<p>L\u00f3pez Obrador fue cuestionado sobre si observa presiones del Poder Judicial que podr\u00eda causar inestabilidad en la 4T. \u201cNo, no creo\u201d, respondi\u00f3. \u201cEstamos viviendo un momento estelar y hay como nunca libertades, se est\u00e1 ejerciendo lo que es una verdadera democracia, divisi\u00f3n, equilibrio entre los poderes, ya no es el tiempo de antes\u201d, agreg\u00f3.<\/p>\n<p>El tabasque\u00f1o expres\u00f3 cr\u00edticas a las escuelas de derecho y al desempe\u00f1o de despachos de abogados y otros integrantes del aparato judicial, pues dijo que \u201cno hay ninguna resoluci\u00f3n en favor del pueblo, siempre han estado ah\u00ed de tapadera\u201d.<\/p>\n<p>Opin\u00f3 que los ministros, jueces, magistrados y abogados deben ocuparse \u201cde la justicia, de los asuntos que tienen que ver con la gente, que se ocupen de que no haya en las c\u00e1rceles inocentes, que se ocupen de que nadie est\u00e9 ah\u00ed por consigna, que no haya presos pol\u00edticos, que no haya gente en las c\u00e1rceles sin sentencia durante 20, 30 a\u00f1os, que se ocupen de que funcione muy bien la defensor\u00eda de oficio, para que no sea nada m\u00e1s los despachos de abogados que cobran por hora los que los est\u00e1n visitando constantemente y que est\u00e1n en las antesalas de sus oficinas, mientras los abogados de los pobres nunca son recibidos\u201d.<\/p>\n<p>\u201cPor eso sostenemos que es necesaria una reforma, porque no solo son los ministros, son magistrados, son jueces, y yo dir\u00eda que es tambi\u00e9n la academia, son las escuelas de derecho, es la abogac\u00eda, es una revisi\u00f3n que se tiene que hacer en lo estructural, pero hay que comenzar por algo y pienso que quien puede ayudar a purificar al poder Judicial es el pueblo\u201d, a\u00f1adi\u00f3.<\/p>\n<p>Ante un exhorto de la Barra Mexicana, Colegio de Abogados para que se apegue a sus atribuciones en lo relacionado con el presupuesto del Poder Judicial, el mandatario enfatiz\u00f3 que el Ejecutivo no tienen ninguna facultad para modificar el presupuesto de los Poderes Judicial y Legislativo, ni de los \u00f3rganos aut\u00f3nomos constitucionales, como el Instituto Nacional Electoral (INE).<\/p>\n<p>\u201cYo no tengo facultad para modificar el presupuesto, ni del Poder Judicial, ni del Legislativo. El Ejecutivo no tiene facultad para hacerlo\u201d, reiter\u00f3. \u201cEs facultad exclusiva de la C\u00e1mara de Diputados\u201d, subray\u00f3 al insistir en que \u00e9l recibe la propuesta presupuestal del Poder Judicial y la env\u00eda tal cual a los diputados.<\/p>\n<p>FUENTE: LA JORNADA<\/p>\n<p>CR\u00c9DITOS FOTO: LA JORNADA<\/p>\n","protected":false},"excerpt":{"rendered":"<p>Ciudad de M\u00e9xico. El presidente Andr\u00e9s Manuel L\u00f3pez Obrador descart\u00f3 este mi\u00e9rcoles que observe presiones del Poder Judicial que puedan desestabilizar su gobierno e insisti\u00f3 en una reforma a dicho Poder para que los ministros, jueces y magistrados sean electos por los ciudadanos. \u201cEl mejor m\u00e9todo para limpiar y purificar la vida p\u00fablica es el [&hellip;]<\/p>\n","protected":false},"author":9,"featured_media":46210,"comment_status":"closed","ping_status":"closed","sticky":false,"template":"","format":"standard","meta":{"footnotes":""},"categories":[19],"tags":[124,9271,9272,2085,5859],"class_list":["post-46209","post","type-post","status-publish","format-standard","has-post-thumbnail","hentry","category-nacional","tag-amlo","tag-desestabilizacion","tag-nulaposibilidad","tag-scjn","tag-ultimas-noticias"],"_links":{"self":[{"href":"https:\/\/laultimapalabra.com.mx\/portal\/wp-json\/wp\/v2\/posts\/46209","targetHints":{"allow":["GET"]}}],"collection":[{"href":"https:\/\/laultimapalabra.com.mx\/portal\/wp-json\/wp\/v2\/posts"}],"about":[{"href":"https:\/\/laultimapalabra.com.mx\/portal\/wp-json\/wp\/v2\/types\/post"}],"author":[{"embeddable":true,"href":"https:\/\/laultimapalabra.com.mx\/portal\/wp-json\/wp\/v2\/users\/9"}],"replies":[{"embeddable":true,"href":"https:\/\/laultimapalabra.com.mx\/portal\/wp-json\/wp\/v2\/comments?post=46209"}],"version-history":[{"count":1,"href":"https:\/\/laultimapalabra.com.mx\/portal\/wp-json\/wp\/v2\/posts\/46209\/revisions"}],"predecessor-version":[{"id":46211,"href":"https:\/\/laultimapalabra.com.mx\/portal\/wp-json\/wp\/v2\/posts\/46209\/revisions\/46211"}],"wp:featuredmedia":[{"embeddable":true,"href":"https:\/\/laultimapalabra.com.mx\/portal\/wp-json\/wp\/v2\/media\/46210"}],"wp:attachment":[{"href":"https:\/\/laultimapalabra.com.mx\/portal\/wp-json\/wp\/v2\/media?parent=46209"}],"wp:term":[{"taxonomy":"category","embeddable":true,"href":"https:\/\/laultimapalabra.com.mx\/portal\/wp-json\/wp\/v2\/categories?post=46209"},{"taxonomy":"post_tag","embeddable":true,"href":"https:\/\/laultimapalabra.com.mx\/portal\/wp-json\/wp\/v2\/tags?post=46209"}],"curies":[{"name":"wp","href":"https:\/\/api.w.org\/{rel}","templated":true}]}}