                       {"id":46215,"date":"2023-09-06T13:11:01","date_gmt":"2023-09-06T19:11:01","guid":{"rendered":"https:\/\/laultimapalabra.com.mx\/portal\/?p=46215"},"modified":"2023-09-06T13:11:01","modified_gmt":"2023-09-06T19:11:01","slug":"misa-en-desagravio-al-papa-en-argentina-tras-insultos-de-javier-milei","status":"publish","type":"post","link":"https:\/\/laultimapalabra.com.mx\/portal\/misa-en-desagravio-al-papa-en-argentina-tras-insultos-de-javier-milei\/","title":{"rendered":"Misa en desagravio al Papa en Argentina, tras insultos de Javier Milei"},"content":{"rendered":"<p>Buenos Aires. Una multitud asisti\u00f3 ayer a la misa celebrada en desagravio al papa Francisco por \u201clos ultrajes\u201d del candidato presidencial ultraderechista Javier Milei, quien lo calific\u00f3 de \u201cimb\u00e9cil\u201d y de \u201cjesuita que promueve el comunismo; personaje impresentable y nefasto, y representante del maligno en la Tierra\u201d.<\/p>\n<p>La misa se celebr\u00f3 en un altar levantado en la villa miseria 21-24, donde est\u00e1 la parroquia de Nuestra Se\u00f1ora del Milagro de Caacup\u00e9, en el barrio de Barracas, adonde acud\u00eda los domingos y en fiestas religiosas el Papa, cuando era el arzobispo Jorge Mario Bergoglio.<\/p>\n<p>Convoc\u00f3 a la misa el Equipo de Curas de Villas y Barrios Populares de Capital y Provincia de Buenos Aires.<\/p>\n<p>El padre Jos\u00e9 Mar\u00eda Pepe di Paola, calific\u00f3 de \u201crepudiables los ultrajes vertidos contra el papa Francisco\u201d, en entrevista con la radio AM750. \u201cEscuchamos las cosas que dijo, algunas se pueden sacar al aire, pero otras son impresentables\u201d, as\u00ed como las frases de Milei, cuando sostiene que \u201ceste hombre (el Papa) cree en la mierda de la justicia social\u201d.<\/p>\n<p>\u201cDice un disparate, porque la justicia social nace del mandamiento del amor. De una libertad bien entendida. Milei ha trastocado los valores del Evangelio\u201d, agreg\u00f3 Di Paola. \u201cEsta misa es un desagravio ante esta catarata de insultos vergonzosos para quien pretende ser presidente de la rep\u00fablica\u201d, indic\u00f3.<\/p>\n<p>Adem\u00e1s de los vecinos, asistieron dirigentes pol\u00edticos, organizaciones sociales, sindicales y funcionarios como el ministro de Cultura, Trist\u00e1n Bauer. \u201cSi s\u00f3lo despiertas leones, es l\u00f3gico que se coman a los corderos m\u00e1s indefensos\u201d, advirtieron unos 70 sacerdotes de villas y barrios populares de todo el pa\u00eds en un documento le\u00eddo al final de la misa.<\/p>\n<p>Por otra parte, en su homenaje a los responsables de la aplicaci\u00f3n del terrorismo de Estado en Argentina, la candidata a vicepresidenta Victoria Villarruel, compa\u00f1era de f\u00f3rmula de Milei por el partido La Libertad Avanza, insult\u00f3 a Estela de Carlotto, presidenta de Abuelas de Plaza de Mayo, que ha logrado recuperar a 133 de los m\u00e1s de 400 ni\u00f1os, hijos de desaparecidos, entregados a militares y polic\u00edas, lo que ha valido a estas heroicas mujeres el respeto del mundo.<\/p>\n<p>\u201cCarlotto ha sido un personaje bastante siniestro para nuestro pa\u00eds, porque con ese cariz de abuelita buena la realidad es que ha justificado el terrorismo, ha hecho pol\u00edtica desde siempre. Puede sentir dolor por la muerte de su hija, pero tiene que contar que su hija era combatiente de Montoneros.\u201d<\/p>\n<p>Tambi\u00e9n la trat\u00f3 de \u201chip\u00f3crita\u201d, ante lo cual las Abuelas advirtieron que esto \u201cnos retrotrae a lo peor de nuestra historia\u201d y recordaron que los genocidas argentinos cometieron cr\u00edmenes de lesa humanidad, considerados imprescriptibles\u201d, explicaron en un comunicado.<\/p>\n<p>FUENTE: LA JORNADA<\/p>\n<p>CR\u00c9DITOS FOTO: CR\u00d3NICA<\/p>\n<p>&nbsp;<\/p>\n","protected":false},"excerpt":{"rendered":"<p>Buenos Aires. Una multitud asisti\u00f3 ayer a la misa celebrada en desagravio al papa Francisco por \u201clos ultrajes\u201d del candidato presidencial ultraderechista Javier Milei, quien lo calific\u00f3 de \u201cimb\u00e9cil\u201d y de \u201cjesuita que promueve el comunismo; personaje impresentable y nefasto, y representante del maligno en la Tierra\u201d. La misa se celebr\u00f3 en un altar levantado [&hellip;]<\/p>\n","protected":false},"author":9,"featured_media":46218,"comment_status":"closed","ping_status":"closed","sticky":false,"template":"","format":"standard","meta":{"footnotes":""},"categories":[16],"tags":[9280,9278,9277,9279,6823,5859],"class_list":["post-46215","post","type-post","status-publish","format-standard","has-post-thumbnail","hentry","category-internacional","tag-elpapaeselrepresentantedelmalignoenlatierra","tag-irreverente","tag-javiermilei","tag-misaporelpapa","tag-papafrancisco","tag-ultimas-noticias"],"_links":{"self":[{"href":"https:\/\/laultimapalabra.com.mx\/portal\/wp-json\/wp\/v2\/posts\/46215","targetHints":{"allow":["GET"]}}],"collection":[{"href":"https:\/\/laultimapalabra.com.mx\/portal\/wp-json\/wp\/v2\/posts"}],"about":[{"href":"https:\/\/laultimapalabra.com.mx\/portal\/wp-json\/wp\/v2\/types\/post"}],"author":[{"embeddable":true,"href":"https:\/\/laultimapalabra.com.mx\/portal\/wp-json\/wp\/v2\/users\/9"}],"replies":[{"embeddable":true,"href":"https:\/\/laultimapalabra.com.mx\/portal\/wp-json\/wp\/v2\/comments?post=46215"}],"version-history":[{"count":1,"href":"https:\/\/laultimapalabra.com.mx\/portal\/wp-json\/wp\/v2\/posts\/46215\/revisions"}],"predecessor-version":[{"id":46219,"href":"https:\/\/laultimapalabra.com.mx\/portal\/wp-json\/wp\/v2\/posts\/46215\/revisions\/46219"}],"wp:featuredmedia":[{"embeddable":true,"href":"https:\/\/laultimapalabra.com.mx\/portal\/wp-json\/wp\/v2\/media\/46218"}],"wp:attachment":[{"href":"https:\/\/laultimapalabra.com.mx\/portal\/wp-json\/wp\/v2\/media?parent=46215"}],"wp:term":[{"taxonomy":"category","embeddable":true,"href":"https:\/\/laultimapalabra.com.mx\/portal\/wp-json\/wp\/v2\/categories?post=46215"},{"taxonomy":"post_tag","embeddable":true,"href":"https:\/\/laultimapalabra.com.mx\/portal\/wp-json\/wp\/v2\/tags?post=46215"}],"curies":[{"name":"wp","href":"https:\/\/api.w.org\/{rel}","templated":true}]}}