                       {"id":46260,"date":"2023-09-06T20:58:22","date_gmt":"2023-09-07T02:58:22","guid":{"rendered":"https:\/\/laultimapalabra.com.mx\/portal\/?p=46260"},"modified":"2023-09-06T20:58:29","modified_gmt":"2023-09-07T02:58:29","slug":"claudia-sheinbaum-es-la-ganadora-de-la-encuesta","status":"publish","type":"post","link":"https:\/\/laultimapalabra.com.mx\/portal\/claudia-sheinbaum-es-la-ganadora-de-la-encuesta\/","title":{"rendered":"Claudia Sheinbaum es la ganadora de la encuesta"},"content":{"rendered":"\n<p>Ciudad de M\u00e9xico. Claudia Sheinbaum Pardo fue la ganadora del proceso interno de Morena, PT y PVEM, para definir la coordinaci\u00f3n nacional de los comit\u00e9s de defensa de la cuarta transformaci\u00f3n, y eventualmente se convertir\u00e1 en la candidata presidencial de esta alianza para los comicios de 2024.<br \/>n las cinco encuestas realizadas, la ex Jefa de Gobierno obtuvo entre 36.6 y 41.1 por ciento de las preferencias.<br \/>Los resultados del proceso fueron presentados esta tarde por el presidente del partido, Mario Delgado, y el presidente del consejo nacional morenista, Alfonso Durazo, con la presencia de cinco de los seis participantes.<br \/>\u201cHemos cumplido con \u00e9xito todas las fases del proceso, que cumpli\u00f3 con todas las normas de la convocatoria. No hay ning\u00fan incidente que haya afectado de manera definitiva el resultado final\u201d, agreg\u00f3 Durazo.<br \/>Las muestra, agreg\u00f3, fue \u201csumamente robusta\u201d para garantizar el resultado y con un margen de error menor\u201d.<br \/>Adem\u00e1s, de Sheinbaum, estuvieron presentes durante el anuncio en el World Trade Center de la Ciudad de M\u00e9xico Ad\u00e1n Augusto L\u00f3pez, Gerardo Fern\u00e1ndez Noro\u00f1a, Ricardo Monreal, y Manuel Velasco.<br \/>No acudi\u00f3 Marcelo Ebrard, quien horas antes adelant\u00f3 que no asistir\u00eda en medio de acusaciones de irregularidades que, consider\u00f3, eran suficientes para repetir la encuesta con la que se defini\u00f3 el proceso, as\u00ed como denuncias de presuntas agresiones por parte de personal de seguridad contra integrantes de su equipo.<br \/>El mensaje fue hecho ante una nutrida asistencia de medios de comunicaci\u00f3n nacionales e internacionales, y frente a la plana mayor de los tres institutos pol\u00edticos. Dirigentes, legisladores y liderazgos de los tres partidos estuvieron en las tres primeras filas del sal\u00f3n.<\/p>\n\n\n\n<p>Tambi\u00e9n estuvieron en el templete los dirigentes del PT, Alberto Anaya y la l\u00edder del PVEM, Karen Castrej\u00f3n.<\/p>\n\n\n\n<p>Fuente:La Jornada<\/p>\n\n\n\n<figure class=\"wp-block-image size-large\"><img loading=\"lazy\" decoding=\"async\" width=\"300\" height=\"224\" src=\"https:\/\/laultimapalabra.com.mx\/portal\/wp-content\/uploads\/2023\/09\/img-20230906-wa00435928814129668328466-300x224.jpg\" alt=\"\" class=\"wp-image-46259\" srcset=\"https:\/\/laultimapalabra.com.mx\/portal\/wp-content\/uploads\/2023\/09\/img-20230906-wa00435928814129668328466-300x224.jpg 300w, https:\/\/laultimapalabra.com.mx\/portal\/wp-content\/uploads\/2023\/09\/img-20230906-wa00435928814129668328466.jpg 425w\" sizes=\"auto, (max-width: 300px) 100vw, 300px\" \/><\/figure>\n\n\n\n<figure class=\"wp-block-image\"><img loading=\"lazy\" decoding=\"async\" width=\"300\" height=\"217\" src=\"https:\/\/laultimapalabra.com.mx\/portal\/wp-content\/uploads\/2023\/09\/img-20230906-wa00445431174796487841137-300x217.jpg\" alt=\"\" class=\"wp-image-46258\" srcset=\"https:\/\/laultimapalabra.com.mx\/portal\/wp-content\/uploads\/2023\/09\/img-20230906-wa00445431174796487841137-300x217.jpg 300w, https:\/\/laultimapalabra.com.mx\/portal\/wp-content\/uploads\/2023\/09\/img-20230906-wa00445431174796487841137.jpg 425w\" sizes=\"auto, (max-width: 300px) 100vw, 300px\" \/><\/figure>\n","protected":false},"excerpt":{"rendered":"<p>Ciudad de M\u00e9xico. Claudia Sheinbaum Pardo fue la ganadora del proceso interno de Morena, PT y PVEM, para definir la coordinaci\u00f3n nacional de los comit\u00e9s de defensa de la cuarta transformaci\u00f3n, y eventualmente se convertir\u00e1 en la candidata presidencial de esta alianza para los comicios de 2024.n las cinco encuestas realizadas, la ex Jefa de [&hellip;]<\/p>\n","protected":false},"author":7,"featured_media":46257,"comment_status":"closed","ping_status":"closed","sticky":false,"template":"","format":"standard","meta":{"footnotes":""},"categories":[19],"tags":[9288,9289,9287,1884],"class_list":["post-46260","post","type-post","status-publish","format-standard","has-post-thumbnail","hentry","category-nacional","tag-claudia-sheinbaum-pardo","tag-ganadora","tag-ganadora-de-progreso-interno-de-morena","tag-pt"],"_links":{"self":[{"href":"https:\/\/laultimapalabra.com.mx\/portal\/wp-json\/wp\/v2\/posts\/46260","targetHints":{"allow":["GET"]}}],"collection":[{"href":"https:\/\/laultimapalabra.com.mx\/portal\/wp-json\/wp\/v2\/posts"}],"about":[{"href":"https:\/\/laultimapalabra.com.mx\/portal\/wp-json\/wp\/v2\/types\/post"}],"author":[{"embeddable":true,"href":"https:\/\/laultimapalabra.com.mx\/portal\/wp-json\/wp\/v2\/users\/7"}],"replies":[{"embeddable":true,"href":"https:\/\/laultimapalabra.com.mx\/portal\/wp-json\/wp\/v2\/comments?post=46260"}],"version-history":[{"count":1,"href":"https:\/\/laultimapalabra.com.mx\/portal\/wp-json\/wp\/v2\/posts\/46260\/revisions"}],"predecessor-version":[{"id":46261,"href":"https:\/\/laultimapalabra.com.mx\/portal\/wp-json\/wp\/v2\/posts\/46260\/revisions\/46261"}],"wp:featuredmedia":[{"embeddable":true,"href":"https:\/\/laultimapalabra.com.mx\/portal\/wp-json\/wp\/v2\/media\/46257"}],"wp:attachment":[{"href":"https:\/\/laultimapalabra.com.mx\/portal\/wp-json\/wp\/v2\/media?parent=46260"}],"wp:term":[{"taxonomy":"category","embeddable":true,"href":"https:\/\/laultimapalabra.com.mx\/portal\/wp-json\/wp\/v2\/categories?post=46260"},{"taxonomy":"post_tag","embeddable":true,"href":"https:\/\/laultimapalabra.com.mx\/portal\/wp-json\/wp\/v2\/tags?post=46260"}],"curies":[{"name":"wp","href":"https:\/\/api.w.org\/{rel}","templated":true}]}}