                       {"id":46299,"date":"2023-09-07T10:51:32","date_gmt":"2023-09-07T16:51:32","guid":{"rendered":"https:\/\/laultimapalabra.com.mx\/portal\/?p=46299"},"modified":"2023-09-07T10:53:25","modified_gmt":"2023-09-07T16:53:25","slug":"vinculan-a-proceso-al-fiscal-de-morelos-lo-llevan-al-altiplano","status":"publish","type":"post","link":"https:\/\/laultimapalabra.com.mx\/portal\/vinculan-a-proceso-al-fiscal-de-morelos-lo-llevan-al-altiplano\/","title":{"rendered":"Vinculan a proceso al fiscal de Morelos; lo llevan al Altiplano"},"content":{"rendered":"\n<p><br>Ciudad de M\u00e9xico. Un juez de control vincul\u00f3 a proceso al fiscal de Morelos, Uriel Carmona G\u00e1ndara, por su presunta participaci\u00f3n en el delito de encubrimiento por favorecimiento y ratific\u00f3 la medida cautelar de prisi\u00f3n preventiva justificada, que cumplir\u00e1 en el Centro Federal de Readaptaci\u00f3n Social n\u00famero 1 de El Altiplano, donde fue trasladado la noche del pasado martes.<br>En la continuaci\u00f3n de la audiencia inicial, que se llev\u00f3 a cabo por videoconferencia en las salas orales penales del Poder Judicial de la Ciudad de M\u00e9xico, la cual se prolong\u00f3 por tres horas, el juzgador fij\u00f3 dos meses para el cierre de la investigaci\u00f3n complementaria.<br>El il\u00edcito por el que se ejecut\u00f3 una segunda orden de aprehensi\u00f3n se cometi\u00f3 por una supuesta tardanza en la entrega de un documento sobre las investigaciones del feminicidio de Ariadna Fernanda L\u00f3pez, perpetrado el 22 de octubre del a\u00f1o pasado.<br>El C\u00f3digo Penal establece una pena de seis meses a tres a\u00f1os de prisi\u00f3n y no est\u00e1 dentro del cat\u00e1logo de 18 delitos que ameritan prisi\u00f3n preventiva; sin embargo, por \u201cuna cuesti\u00f3n unilateral y no entendible est\u00e1 aqu\u00ed, en este proceso\u201d, explicaron integrantes de su defensa.<br>Rodrigo Ugalde, otro de los litigantes, consider\u00f3 que \u201ces lamentable e indeseable est\u00e1 situaci\u00f3n, es un padre de familia, representa una instituci\u00f3n de otro estado y hemos dicho claro y fuerte: es una persona que est\u00e1 privada ilegalmente de su libertad por un delito que ni siquiera amerita prisi\u00f3n, como en el anterior, de retardo de la justicia\u201d.<br>Agreg\u00f3 que el juzgado noveno de distrito de amparo en materia penal en la Ciudad de M\u00e9xico le otorg\u00f3 un amparo en contra de la incomunicaci\u00f3n y su traslado al penal del Altiplano y \u201cvamos a hacer valer todas las inconsistencias que han existido\u201d.<br>De acuerdo con otro de los abogados de Carmona G\u00e1ndara, el traslado se hizo a solicitud de la Subsecretar\u00eda del Sistema Penitenciario, al \u201cconsiderar que ten\u00eda un autogobierno en el Reclusorio Sur por la presencia de unidades del estado de Morelos afuera del centro penitenciario\u201d. Con informaci\u00f3n de La Jornada<\/p>\n","protected":false},"excerpt":{"rendered":"<p>Ciudad de M\u00e9xico. Un juez de control vincul\u00f3 a proceso al fiscal de Morelos, Uriel Carmona G\u00e1ndara, por su presunta participaci\u00f3n en el delito de encubrimiento por favorecimiento y ratific\u00f3 la medida cautelar de prisi\u00f3n preventiva justificada, que cumplir\u00e1 en el Centro Federal de Readaptaci\u00f3n Social n\u00famero 1 de El Altiplano, donde fue trasladado la [&hellip;]<\/p>\n","protected":false},"author":7,"featured_media":46298,"comment_status":"closed","ping_status":"closed","sticky":false,"template":"","format":"standard","meta":{"footnotes":""},"categories":[19],"tags":[9296,819,5050,4190,6844],"class_list":["post-46299","post","type-post","status-publish","format-standard","has-post-thumbnail","hentry","category-nacional","tag-altiplano","tag-detenido","tag-fiscal","tag-nacional","tag-penal"],"_links":{"self":[{"href":"https:\/\/laultimapalabra.com.mx\/portal\/wp-json\/wp\/v2\/posts\/46299","targetHints":{"allow":["GET"]}}],"collection":[{"href":"https:\/\/laultimapalabra.com.mx\/portal\/wp-json\/wp\/v2\/posts"}],"about":[{"href":"https:\/\/laultimapalabra.com.mx\/portal\/wp-json\/wp\/v2\/types\/post"}],"author":[{"embeddable":true,"href":"https:\/\/laultimapalabra.com.mx\/portal\/wp-json\/wp\/v2\/users\/7"}],"replies":[{"embeddable":true,"href":"https:\/\/laultimapalabra.com.mx\/portal\/wp-json\/wp\/v2\/comments?post=46299"}],"version-history":[{"count":1,"href":"https:\/\/laultimapalabra.com.mx\/portal\/wp-json\/wp\/v2\/posts\/46299\/revisions"}],"predecessor-version":[{"id":46300,"href":"https:\/\/laultimapalabra.com.mx\/portal\/wp-json\/wp\/v2\/posts\/46299\/revisions\/46300"}],"wp:featuredmedia":[{"embeddable":true,"href":"https:\/\/laultimapalabra.com.mx\/portal\/wp-json\/wp\/v2\/media\/46298"}],"wp:attachment":[{"href":"https:\/\/laultimapalabra.com.mx\/portal\/wp-json\/wp\/v2\/media?parent=46299"}],"wp:term":[{"taxonomy":"category","embeddable":true,"href":"https:\/\/laultimapalabra.com.mx\/portal\/wp-json\/wp\/v2\/categories?post=46299"},{"taxonomy":"post_tag","embeddable":true,"href":"https:\/\/laultimapalabra.com.mx\/portal\/wp-json\/wp\/v2\/tags?post=46299"}],"curies":[{"name":"wp","href":"https:\/\/api.w.org\/{rel}","templated":true}]}}