                       {"id":46308,"date":"2023-09-07T11:22:09","date_gmt":"2023-09-07T17:22:09","guid":{"rendered":"https:\/\/laultimapalabra.com.mx\/portal\/?p=46308"},"modified":"2023-09-07T11:29:54","modified_gmt":"2023-09-07T17:29:54","slug":"hombre-se-encuentra-atrapado-en-la-tercera-cueva-mas-profunda-de-turquia","status":"publish","type":"post","link":"https:\/\/laultimapalabra.com.mx\/portal\/hombre-se-encuentra-atrapado-en-la-tercera-cueva-mas-profunda-de-turquia\/","title":{"rendered":"Hombre se encuentra atrapado en la tercera cueva m\u00e1s profunda de Turqu\u00eda"},"content":{"rendered":"\n<p>Turqu\u00eda.- Un hombre de 40 a\u00f1os se encuentra atrapado en la tercera cueva m\u00e1s profunda de Turqu\u00eda, por lo que cerca de 150 rescatistas trabajan para poder sacarlo con vida.<br \/>El jefe de la Federaci\u00f3n Turca de Espeleolog\u00eda, Bulent Genc, no precis\u00f3 cu\u00e1nto tardar\u00edan en lograr rescatarlo, pero s\u00ed adelant\u00f3 que &#8220;llevar\u00eda su tiempo debido a que la cueva es profunda y estrecha&#8221;.<br \/>El estadounidense atrapado se identific\u00f3 como Mark Dickey, quien era parte de una expedici\u00f3n internacional que acudi\u00f3 a la cueva de Morca, en los Montes Tauro.<br \/>Los expertos en el rescate se\u00f1alan que no ser\u00e1 sencillo el rescate debido a que la cueva es profunda y estrecha. Seg\u00fan el Servicio H\u00fangaro de Rescate en Cuevas, el hombre sufri\u00f3 una hemorragia gastrointestinal a mil 200 metros de profundidad.<br \/>El sitio de NBC News inform\u00f3 que el s\u00e1bado Mark se sinti\u00f3 mal debido a que empez\u00f3 a toser y encontr\u00f3 sangre en la materia fecal.<br \/>Con informaci\u00f3n de ABC NOTICIAS<\/p>\n","protected":false},"excerpt":{"rendered":"<p>Turqu\u00eda.- Un hombre de 40 a\u00f1os se encuentra atrapado en la tercera cueva m\u00e1s profunda de Turqu\u00eda, por lo que cerca de 150 rescatistas trabajan para poder sacarlo con vida.El jefe de la Federaci\u00f3n Turca de Espeleolog\u00eda, Bulent Genc, no precis\u00f3 cu\u00e1nto tardar\u00edan en lograr rescatarlo, pero s\u00ed adelant\u00f3 que &#8220;llevar\u00eda su tiempo debido a [&hellip;]<\/p>\n","protected":false},"author":7,"featured_media":46307,"comment_status":"closed","ping_status":"closed","sticky":false,"template":"","format":"standard","meta":{"footnotes":""},"categories":[1],"tags":[9299,4207,4277,5967],"class_list":["post-46308","post","type-post","status-publish","format-standard","has-post-thumbnail","hentry","category-noticias","tag-atrapado-en-cueva","tag-internacional","tag-rescate","tag-turquia"],"_links":{"self":[{"href":"https:\/\/laultimapalabra.com.mx\/portal\/wp-json\/wp\/v2\/posts\/46308","targetHints":{"allow":["GET"]}}],"collection":[{"href":"https:\/\/laultimapalabra.com.mx\/portal\/wp-json\/wp\/v2\/posts"}],"about":[{"href":"https:\/\/laultimapalabra.com.mx\/portal\/wp-json\/wp\/v2\/types\/post"}],"author":[{"embeddable":true,"href":"https:\/\/laultimapalabra.com.mx\/portal\/wp-json\/wp\/v2\/users\/7"}],"replies":[{"embeddable":true,"href":"https:\/\/laultimapalabra.com.mx\/portal\/wp-json\/wp\/v2\/comments?post=46308"}],"version-history":[{"count":1,"href":"https:\/\/laultimapalabra.com.mx\/portal\/wp-json\/wp\/v2\/posts\/46308\/revisions"}],"predecessor-version":[{"id":46309,"href":"https:\/\/laultimapalabra.com.mx\/portal\/wp-json\/wp\/v2\/posts\/46308\/revisions\/46309"}],"wp:featuredmedia":[{"embeddable":true,"href":"https:\/\/laultimapalabra.com.mx\/portal\/wp-json\/wp\/v2\/media\/46307"}],"wp:attachment":[{"href":"https:\/\/laultimapalabra.com.mx\/portal\/wp-json\/wp\/v2\/media?parent=46308"}],"wp:term":[{"taxonomy":"category","embeddable":true,"href":"https:\/\/laultimapalabra.com.mx\/portal\/wp-json\/wp\/v2\/categories?post=46308"},{"taxonomy":"post_tag","embeddable":true,"href":"https:\/\/laultimapalabra.com.mx\/portal\/wp-json\/wp\/v2\/tags?post=46308"}],"curies":[{"name":"wp","href":"https:\/\/api.w.org\/{rel}","templated":true}]}}