                       {"id":46336,"date":"2023-09-07T16:53:59","date_gmt":"2023-09-07T22:53:59","guid":{"rendered":"https:\/\/laultimapalabra.com.mx\/portal\/?p=46336"},"modified":"2023-09-07T16:55:51","modified_gmt":"2023-09-07T22:55:51","slug":"arranca-paco-trevino-obra-de-nave-en-kinder","status":"publish","type":"post","link":"https:\/\/laultimapalabra.com.mx\/portal\/arranca-paco-trevino-obra-de-nave-en-kinder\/","title":{"rendered":"Arranca Paco Trevi\u00f1o obra de nave en k\u00ednder"},"content":{"rendered":"\n<p><br>Ju\u00e1rez, N.L.-Esta ma\u00f1ana el alcalde Ju\u00e1rez, Paco Trevi\u00f1o, dio el banderazo para iniciar la obra de construcci\u00f3n de una nave para cubrir el patio del jard\u00edn de ni\u00f1os Sor Juan In\u00e9s de la Cruz, en la zona centro de Ju\u00e1rez.<br>Acompa\u00f1ado del secretario de Obras P\u00fablicas, Juan Carlos Mauricio; de la secretaria de Educaci\u00f3n, Blanca Elia Vargas y de la directora del plantel, el edil destac\u00f3 que la obra se planea sea concluida en el mes de diciembre y tendr\u00e1 un costo de 1 mill\u00f3n 50 mil pesos.<br>Las familias agradecieron la construcci\u00f3n de la techumbre, que servir\u00e1 para que sus hijos disfruten sus juegos infantiles y actividades en los patios del jard\u00edn de ni\u00f1os.<\/p>\n","protected":false},"excerpt":{"rendered":"<p>Ju\u00e1rez, N.L.-Esta ma\u00f1ana el alcalde Ju\u00e1rez, Paco Trevi\u00f1o, dio el banderazo para iniciar la obra de construcci\u00f3n de una nave para cubrir el patio del jard\u00edn de ni\u00f1os Sor Juan In\u00e9s de la Cruz, en la zona centro de Ju\u00e1rez.Acompa\u00f1ado del secretario de Obras P\u00fablicas, Juan Carlos Mauricio; de la secretaria de Educaci\u00f3n, Blanca Elia [&hellip;]<\/p>\n","protected":false},"author":7,"featured_media":46335,"comment_status":"closed","ping_status":"closed","sticky":false,"template":"","format":"standard","meta":{"footnotes":""},"categories":[18],"tags":[9305,4570,1684],"class_list":["post-46336","post","type-post","status-publish","format-standard","has-post-thumbnail","hentry","category-locales-juarez","tag-arranca-obra-de-nave-del-kinder","tag-jardin-de-ninos","tag-paco-trevino"],"_links":{"self":[{"href":"https:\/\/laultimapalabra.com.mx\/portal\/wp-json\/wp\/v2\/posts\/46336","targetHints":{"allow":["GET"]}}],"collection":[{"href":"https:\/\/laultimapalabra.com.mx\/portal\/wp-json\/wp\/v2\/posts"}],"about":[{"href":"https:\/\/laultimapalabra.com.mx\/portal\/wp-json\/wp\/v2\/types\/post"}],"author":[{"embeddable":true,"href":"https:\/\/laultimapalabra.com.mx\/portal\/wp-json\/wp\/v2\/users\/7"}],"replies":[{"embeddable":true,"href":"https:\/\/laultimapalabra.com.mx\/portal\/wp-json\/wp\/v2\/comments?post=46336"}],"version-history":[{"count":1,"href":"https:\/\/laultimapalabra.com.mx\/portal\/wp-json\/wp\/v2\/posts\/46336\/revisions"}],"predecessor-version":[{"id":46337,"href":"https:\/\/laultimapalabra.com.mx\/portal\/wp-json\/wp\/v2\/posts\/46336\/revisions\/46337"}],"wp:featuredmedia":[{"embeddable":true,"href":"https:\/\/laultimapalabra.com.mx\/portal\/wp-json\/wp\/v2\/media\/46335"}],"wp:attachment":[{"href":"https:\/\/laultimapalabra.com.mx\/portal\/wp-json\/wp\/v2\/media?parent=46336"}],"wp:term":[{"taxonomy":"category","embeddable":true,"href":"https:\/\/laultimapalabra.com.mx\/portal\/wp-json\/wp\/v2\/categories?post=46336"},{"taxonomy":"post_tag","embeddable":true,"href":"https:\/\/laultimapalabra.com.mx\/portal\/wp-json\/wp\/v2\/tags?post=46336"}],"curies":[{"name":"wp","href":"https:\/\/api.w.org\/{rel}","templated":true}]}}