                       {"id":4649,"date":"2018-11-16T01:09:18","date_gmt":"2018-11-16T01:09:18","guid":{"rendered":"http:\/\/laultimapalabra.info\/?p=4649"},"modified":"2024-12-11T08:53:22","modified_gmt":"2024-12-11T14:53:22","slug":"general-jose-maria-mier-santos-coy-jimenence-ilustre-en-el-olvido","status":"publish","type":"post","link":"https:\/\/laultimapalabra.com.mx\/portal\/general-jose-maria-mier-santos-coy-jimenence-ilustre-en-el-olvido\/","title":{"rendered":"General Jos\u00e9 Mar\u00eda Mier Santos Coy\u2026 Jimenence ilustre en el olvido"},"content":{"rendered":"<div id=\"attachment_4650\" style=\"width: 234px\" class=\"wp-caption alignright\"><img loading=\"lazy\" decoding=\"async\" aria-describedby=\"caption-attachment-4650\" class=\"size-medium wp-image-4650\" src=\"https:\/\/laultimapalabra.com.mx\/portal\/wp-content\/uploads\/2018\/11\/gobernador_jose_maria_mier_original-copia-224x300.jpg\" alt=\"\" width=\"224\" height=\"300\" \/><p id=\"caption-attachment-4650\" class=\"wp-caption-text\">Jos\u00e9 Ma Mier Gobernador de Jalisco 1914<\/p><\/div>\n<p style=\"text-align: justify;\">Por: Dr. Jos\u00e9 Ascenci\u00f3n Tijerina Flores<\/p>\n<p style=\"text-align: justify;\">Cuando el General Bernardo Reyes tuvo que dejar la gubernatura de Nuevo Le\u00f3n por haber solicitado licencia por tiempo indefinido primero y por renuncia despu\u00e9s, lo relev\u00f3 el General y Licenciado Jos\u00e9 Mar\u00eda Mier Santos Coy.<br \/>\nNo eran tiempos f\u00e1ciles, la entidad y el resto del pa\u00eds se debat\u00eda en una serie de problemas derivados de la inconformidad popular ante la perpetuidad del General Porfirio D\u00edaz en la Presidencia de la Rep\u00fablica (Poco m\u00e1s de treinta a\u00f1os).<br \/>\nTampoco hab\u00eda sido del agrado de los Neoloneses su destierro disfrazado de encomienda militar que el General D\u00edaz hab\u00eda enviado al General Bernardo Reyes. Por ello, en Nuevo Le\u00f3n surg\u00edan diferentes grupos de car\u00e1cter pol\u00edtico, adversos algunos al r\u00e9gimen Porfirista pero enemistados entre s\u00ed.<br \/>\nFue as\u00ed como el General Jos\u00e9 Mar\u00eda Mier asumi\u00f3 el poder y debido al poco tiempo que estuvo en el cargo no le fue posible realizar una administraci\u00f3n que se distinguiera por logros materiales, en cambio, si se distingui\u00f3 por la pol\u00edtica de conciliaci\u00f3n a la que se dedic\u00f3 desde el momento de asumir la Gubernatura de Nuevo Le\u00f3n.<br \/>\nEl General Jos\u00e9 Mar\u00eda Mier naci\u00f3 en nuestro municipio de Cadereyta Jimenez N.L. en el a\u00f1o de 1847, exactamente en el edificio que hoy ocupa la casa parroquial. Fueron sus padres Don Francisco Mier y Mar\u00eda Teresa Santos Coy a cuya sombra har\u00eda sus primeros estudios en su pueblo natal para trasladarse posteriormente a la ciudad de Monterrey ingresando al Colegio Civil.<br \/>\nDedicado por completo a sus estudios, el 29 de mayo de 1871 recibir\u00eda el t\u00edtulo de abogado en la escuela de Leyes. Por cinco a\u00f1os ejerci\u00f3 su profesi\u00f3n, pero en 1876 se inici\u00f3 en la carrera de las armas durante la revoluci\u00f3n de Tultepec como jefe del Estado Mayor de su paisano General Ger\u00f3nimo Trevi\u00f1o en la Divisi\u00f3n del Norte.<br \/>\nSu vocaci\u00f3n por el ejercit\u00f3 lo llev\u00f3 a participar en diferentes hechos de armas, as\u00ed lo muestran combates en Mar\u00edn, Montemorelos, Cerralvo y Guadalupe entre otros, destacando notoriamente en la batalla de Icamole por su arrojo, valent\u00eda y estrategia militar.<br \/>\nEn 1877 fue ascendido a Coronel de caballer\u00eda realizando la campa\u00f1a contra los sublevados del Coronel Pedro A. Valdez a quien derrot\u00f3 en Agujita Coahuila.<br \/>\nEn 1878 emprendi\u00f3 la campa\u00f1a contra los Sublevados de Jos\u00e9 Mar\u00eda Amador en China Nuevo Le\u00f3n y posteriormente contra la gente de Pedro Mart\u00ednez, Miguel Palacios y otros grupos rebeldes en la sierra de Galeana Nuevo Le\u00f3n. Estas victorias le valieron el ascenso a Coronel de Caballer\u00eda.<br \/>\nContrajo matrimonio con Mar\u00eda Concepci\u00f3n Mier en 1870. Para 1888 ya con el grado de General de brigada fue enviado por Porfirio D\u00edaz como jefe de la zona militar al estado de Oaxaca donde permaneci\u00f3 hasta el 2 de mayo de 1890 fecha en que se incorpor\u00f3 a la Suprema Corte de Justicia con car\u00e1cter de Magistrado.<br \/>\nPermaneci\u00f3 ah\u00ed hasta el 27 de julio de 1896 desempe\u00f1\u00e1ndose despu\u00e9s como Secretario de Guerra y Marina, adem\u00e1s el Departamento de Caballer\u00eda de ese a\u00f1o hasta 1900. Tambi\u00e9n fue Oficial Mayor en 1903 y Secretario de Guerra y Marina.<br \/>\nEl d\u00eda primero de mayo de 1910 el General Mier tom\u00f3 protesta ante las c\u00e1maras como Gobernador Constitucional del Estado de Nuevo Le\u00f3n, puesto que desempe\u00f1\u00f3 con acierto hasta la ca\u00edda del General Porfirio D\u00edaz, vi\u00e9ndose obligado a renunciar a su puesto para reintegrarse al ej\u00e9rcito con el puesto de jefe de zona militar de nuestro estado.<br \/>\nExisten varias versiones acerca de la Muerte del General Mier, pero nos inclinamos por la m\u00e1s comprobada que relata el testigo presencial Ruperto Garc\u00eda de Alba, que en 1914 era oficial del cuerpo especial del Estado Mayor y estaba comisionado como ayudante del General Mier.<br \/>\nDeclar\u00f3 as\u00ed: \u201cEl d\u00eda 7 de julio en la tarde algunos oficiales del General Mier iniciaron la evacuaci\u00f3n de Guadalajara para dirigirse a la capital de la Rep\u00fablica, muy fatigados y sin dormir llegaron a la hacienda el Castillo el d\u00eda 8 a las 11 de la ma\u00f1ana, a las 4 de la tarde nos encontramos en el mirador con el General cuando de pronto subi\u00f3 un Coronel de la milicia regular gritando ordene algo General porque as\u00ed nos va llevar la chin\u2026\u2026. El veterano General Mier contest\u00f3 no me hable as\u00ed Herrera y no me diga lo que debo ordenar, ret\u00edrese o lo mando fusilar.<br \/>\nEl Coronel Herrera dio media vuelta y orden\u00f3 a su ayudante disparar sobre la espalda del General quien muri\u00f3 al instante. Herrera ser\u00eda fusilado poco despu\u00e9s por el General Obreg\u00f3n en Colima\u201d<br \/>\n(Concluye el relato de Alba).<br \/>\nAs\u00ed perdi\u00f3 la vida este ilustre Jimenece poco reconocido en su tierra, incluso a una calle hacia el sur de la ciudad se le impuso su nombre hace tiempo, pero con el grave error de llamarla Padre Mier (tio abuelo del general) en lugar de llamarla General Jos\u00e9 Mar\u00eda Mier. En el pueblo de Bustamante (recientemente nombrado pueblo m\u00e1gico) la avenida principal lleva su nombre\u2026\u2026..<br \/>\nY en Cadereyta \u00bfcu\u00e1ndo lo honraremos como se merece?<br \/>\n\u00bfUsted qu\u00e9 opina?<br \/>\nGracias<\/p>\n","protected":false},"excerpt":{"rendered":"<p>Por: Dr. Jos\u00e9 Ascenci\u00f3n Tijerina Flores Cuando el General Bernardo Reyes tuvo que dejar la gubernatura de Nuevo Le\u00f3n por haber solicitado licencia por tiempo indefinido primero y por renuncia despu\u00e9s, lo relev\u00f3 el General y Licenciado Jos\u00e9 Mar\u00eda Mier Santos Coy. No eran tiempos f\u00e1ciles, la entidad y el resto del pa\u00eds se debat\u00eda [&hellip;]<\/p>\n","protected":false},"author":9,"featured_media":4650,"comment_status":"open","ping_status":"closed","sticky":false,"template":"","format":"standard","meta":{"footnotes":""},"categories":[1],"tags":[879],"class_list":["post-4649","post","type-post","status-publish","format-standard","has-post-thumbnail","hentry","category-noticias","tag-dr-jose-ascencion-tijerina-flores"],"_links":{"self":[{"href":"https:\/\/laultimapalabra.com.mx\/portal\/wp-json\/wp\/v2\/posts\/4649","targetHints":{"allow":["GET"]}}],"collection":[{"href":"https:\/\/laultimapalabra.com.mx\/portal\/wp-json\/wp\/v2\/posts"}],"about":[{"href":"https:\/\/laultimapalabra.com.mx\/portal\/wp-json\/wp\/v2\/types\/post"}],"author":[{"embeddable":true,"href":"https:\/\/laultimapalabra.com.mx\/portal\/wp-json\/wp\/v2\/users\/9"}],"replies":[{"embeddable":true,"href":"https:\/\/laultimapalabra.com.mx\/portal\/wp-json\/wp\/v2\/comments?post=4649"}],"version-history":[{"count":1,"href":"https:\/\/laultimapalabra.com.mx\/portal\/wp-json\/wp\/v2\/posts\/4649\/revisions"}],"predecessor-version":[{"id":65520,"href":"https:\/\/laultimapalabra.com.mx\/portal\/wp-json\/wp\/v2\/posts\/4649\/revisions\/65520"}],"wp:featuredmedia":[{"embeddable":true,"href":"https:\/\/laultimapalabra.com.mx\/portal\/wp-json\/"}],"wp:attachment":[{"href":"https:\/\/laultimapalabra.com.mx\/portal\/wp-json\/wp\/v2\/media?parent=4649"}],"wp:term":[{"taxonomy":"category","embeddable":true,"href":"https:\/\/laultimapalabra.com.mx\/portal\/wp-json\/wp\/v2\/categories?post=4649"},{"taxonomy":"post_tag","embeddable":true,"href":"https:\/\/laultimapalabra.com.mx\/portal\/wp-json\/wp\/v2\/tags?post=4649"}],"curies":[{"name":"wp","href":"https:\/\/api.w.org\/{rel}","templated":true}]}}