                       {"id":46582,"date":"2023-09-13T13:08:08","date_gmt":"2023-09-13T19:08:08","guid":{"rendered":"https:\/\/laultimapalabra.com.mx\/portal\/?p=46582"},"modified":"2023-09-13T13:08:08","modified_gmt":"2023-09-13T19:08:08","slug":"hoy-amlo-y-samuel-inauguran-el-acueducto-el-cuchillo-ii","status":"publish","type":"post","link":"https:\/\/laultimapalabra.com.mx\/portal\/hoy-amlo-y-samuel-inauguran-el-acueducto-el-cuchillo-ii\/","title":{"rendered":"Hoy AMLO y Samuel inauguran el acueducto El Cuchillo II"},"content":{"rendered":"<p>Monterrey. &#8211; Hoy, desde el municipio de China, el acueducto El Cuchillo II ser\u00e1 inaugurado por el presidente Andr\u00e9s Manuel L\u00f3pez Obrador y el gobernador Samuel Garc\u00eda Sep\u00falveda en un evento programado a las 13:00 horas.<\/p>\n<p>El acueducto empezar\u00e1 a enviar de forma paulatina agua a la zona metropolitana hasta alcanzar su m\u00e1xima capacidad de cinco mil litros de agua por segundo, que se sumar\u00e1n a los cinco mil que ya provee el acueducto El Cuchillo I.<\/p>\n<p>De acuerdo con el mandatario estatal, la puesta en operaci\u00f3n del acueducto permitir\u00e1 resolver la crisis h\u00eddrica que atraviesa Nuevo Le\u00f3n, formando parte del Plan Maestro para Garantizar el Agua de Nuevo Le\u00f3n hasta el a\u00f1o 2050.<\/p>\n<p>Garc\u00eda indic\u00f3 que con toda el agua que se obtendr\u00e1 del nuevo acueducto, la siguiente tarea ser\u00e1 llevarla a municipios que obtienen este recurso de los pozos de Mina o de La Huasteca, los cuales se encuentran muy afectados.<\/p>\n<p>Los trabajos del acueducto iniciaron el 2 de septiembre del 2022, con la presencia de autoridades estatales como el titular de Agua y Drenaje de Monterrey, Juan Ignacio Barrag\u00e1n, y el entonces secretario de Gobernaci\u00f3n, Ad\u00e1n Augusto L\u00f3pez, en representaci\u00f3n del presidente de la Rep\u00fablica.<\/p>\n<p>El ducto tendr\u00e1 un di\u00e1metro de 84 pulgadas, 100 kil\u00f3metros de recorrido desde la Planta de Bombeo N\u00famero 4 de Agua y Drenaje, hasta la Planta Potabilizadora San Roque, en el municipio de Ju\u00e1rez.<\/p>\n<p>En d\u00edas anteriores, el titular del Organismo de Cuenca R\u00edo Bravo de la Comisi\u00f3n Nacional del Agua (Conagua), Luis Carlos Alatorre, adelant\u00f3 que, por petici\u00f3n del presidente Andr\u00e9s Manuel L\u00f3pez Obrador, el Cuchillo II entrar\u00eda en operaciones con solo un equipo de bombeo de cinco totales, siendo hasta el mes de octubre cuando todos entren en operaci\u00f3n.<\/p>\n<p>El pasado 22 de junio, el gobierno de Samuel Garc\u00eda anunci\u00f3 que la Federaci\u00f3n autoriz\u00f3 una partida adicional de mil 800 millones de pesos para concluir la obra.<\/p>\n<p>El monto total de la obra al iniciar el proyecto era de 10 mil 440 millones de pesos, y ahora se elev\u00f3 a casi 14 mil millones de pesos, de acuerdo con el informe financiero del segundo trimestre de este a\u00f1o de Agua y Drenaje (AyD) de Monterrey.<\/p>\n<p>Este ser\u00eda el segundo incremento reportado en los \u00faltimos dos meses.<\/p>\n<p>Al respecto, el director de Agua y Drenaje de Monterrey, Juan Ignacio Barrag\u00e1n, atribuy\u00f3 el incremento a trabajos no previstos.<\/p>\n<p>FUENTE: ABC NOTICIAS<\/p>\n<p>CREDITO FOTO: LUIS MENDOZA\/ABC NOTICIAS<\/p>\n","protected":false},"excerpt":{"rendered":"<p>Monterrey. &#8211; Hoy, desde el municipio de China, el acueducto El Cuchillo II ser\u00e1 inaugurado por el presidente Andr\u00e9s Manuel L\u00f3pez Obrador y el gobernador Samuel Garc\u00eda Sep\u00falveda en un evento programado a las 13:00 horas. El acueducto empezar\u00e1 a enviar de forma paulatina agua a la zona metropolitana hasta alcanzar su m\u00e1xima capacidad de [&hellip;]<\/p>\n","protected":false},"author":9,"featured_media":46583,"comment_status":"closed","ping_status":"closed","sticky":false,"template":"","format":"standard","meta":{"footnotes":""},"categories":[15],"tags":[7790,124,2071,5859],"class_list":["post-46582","post","type-post","status-publish","format-standard","has-post-thumbnail","hentry","category-estado","tag-acueducto-del-cuchillo-ll","tag-amlo","tag-samuel-garcia","tag-ultimas-noticias"],"_links":{"self":[{"href":"https:\/\/laultimapalabra.com.mx\/portal\/wp-json\/wp\/v2\/posts\/46582","targetHints":{"allow":["GET"]}}],"collection":[{"href":"https:\/\/laultimapalabra.com.mx\/portal\/wp-json\/wp\/v2\/posts"}],"about":[{"href":"https:\/\/laultimapalabra.com.mx\/portal\/wp-json\/wp\/v2\/types\/post"}],"author":[{"embeddable":true,"href":"https:\/\/laultimapalabra.com.mx\/portal\/wp-json\/wp\/v2\/users\/9"}],"replies":[{"embeddable":true,"href":"https:\/\/laultimapalabra.com.mx\/portal\/wp-json\/wp\/v2\/comments?post=46582"}],"version-history":[{"count":1,"href":"https:\/\/laultimapalabra.com.mx\/portal\/wp-json\/wp\/v2\/posts\/46582\/revisions"}],"predecessor-version":[{"id":46584,"href":"https:\/\/laultimapalabra.com.mx\/portal\/wp-json\/wp\/v2\/posts\/46582\/revisions\/46584"}],"wp:featuredmedia":[{"embeddable":true,"href":"https:\/\/laultimapalabra.com.mx\/portal\/wp-json\/wp\/v2\/media\/46583"}],"wp:attachment":[{"href":"https:\/\/laultimapalabra.com.mx\/portal\/wp-json\/wp\/v2\/media?parent=46582"}],"wp:term":[{"taxonomy":"category","embeddable":true,"href":"https:\/\/laultimapalabra.com.mx\/portal\/wp-json\/wp\/v2\/categories?post=46582"},{"taxonomy":"post_tag","embeddable":true,"href":"https:\/\/laultimapalabra.com.mx\/portal\/wp-json\/wp\/v2\/tags?post=46582"}],"curies":[{"name":"wp","href":"https:\/\/api.w.org\/{rel}","templated":true}]}}