                       {"id":46592,"date":"2023-09-13T13:59:08","date_gmt":"2023-09-13T19:59:08","guid":{"rendered":"https:\/\/laultimapalabra.com.mx\/portal\/?p=46592"},"modified":"2023-09-13T14:39:40","modified_gmt":"2023-09-13T20:39:40","slug":"dejan-a-abuelitos-hasta-cinco-horas-en-el-sol-para-cobrar-pension","status":"publish","type":"post","link":"https:\/\/laultimapalabra.com.mx\/portal\/dejan-a-abuelitos-hasta-cinco-horas-en-el-sol-para-cobrar-pension\/","title":{"rendered":"Dejan a abuelitos hasta cinco horas en el sol para cobrar pensi\u00f3n"},"content":{"rendered":"<p>Cadereyta Jim\u00e9nez, N.L. Abuelitos de la tercera edad demandaron m\u00e1s sensibilidad, para quienes organizan su pago del apoyo de \u201c65 y M\u00e1s\u201d, ya que los hacen estar hasta cinco horas en el sol, afuera del banco Bienestar.<\/p>\n<p>&nbsp;<\/p>\n<p>&nbsp;<\/p>\n<p>&nbsp;<\/p>\n<p>&nbsp;<\/p>\n<p><img loading=\"lazy\" decoding=\"async\" class=\"alignnone size-medium wp-image-46595\" src=\"https:\/\/laultimapalabra.com.mx\/portal\/wp-content\/uploads\/2023\/09\/Picsart_23-09-13_13-57-43-481-300x225.jpg\" alt=\"\" width=\"300\" height=\"225\" srcset=\"https:\/\/laultimapalabra.com.mx\/portal\/wp-content\/uploads\/2023\/09\/Picsart_23-09-13_13-57-43-481-300x225.jpg 300w, https:\/\/laultimapalabra.com.mx\/portal\/wp-content\/uploads\/2023\/09\/Picsart_23-09-13_13-57-43-481-1024x768.jpg 1024w, https:\/\/laultimapalabra.com.mx\/portal\/wp-content\/uploads\/2023\/09\/Picsart_23-09-13_13-57-43-481-768x576.jpg 768w, https:\/\/laultimapalabra.com.mx\/portal\/wp-content\/uploads\/2023\/09\/Picsart_23-09-13_13-57-43-481-1536x1152.jpg 1536w, https:\/\/laultimapalabra.com.mx\/portal\/wp-content\/uploads\/2023\/09\/Picsart_23-09-13_13-57-43-481.jpg 1600w\" sizes=\"auto, (max-width: 300px) 100vw, 300px\" \/><\/p>\n<p>Largas filas se forman en la sucursal ubicada en la calle L\u00f3pez Mateos de la colonia del mismo nombre, a un lado de la secundaria n\u00famero 36, donde cada dos meses se paga por la primera letra del primer apellido.<\/p>\n<p>Los beneficiados pidieron un lugar m\u00e1s digno, donde no est\u00e9n a la intemperie, ya que ha habido casos donde algunos abuelitos se han sentido mal por el sofocante calor y la deshidrataci\u00f3n.<\/p>\n<p>&nbsp;<\/p>\n<p>&nbsp;<\/p>\n<p>&nbsp;<\/p>\n<p><img loading=\"lazy\" decoding=\"async\" class=\"alignnone size-medium wp-image-46596\" src=\"https:\/\/laultimapalabra.com.mx\/portal\/wp-content\/uploads\/2023\/09\/Picsart_23-09-13_13-58-01-857-300x225.jpg\" alt=\"\" width=\"300\" height=\"225\" srcset=\"https:\/\/laultimapalabra.com.mx\/portal\/wp-content\/uploads\/2023\/09\/Picsart_23-09-13_13-58-01-857-300x225.jpg 300w, https:\/\/laultimapalabra.com.mx\/portal\/wp-content\/uploads\/2023\/09\/Picsart_23-09-13_13-58-01-857-1024x768.jpg 1024w, https:\/\/laultimapalabra.com.mx\/portal\/wp-content\/uploads\/2023\/09\/Picsart_23-09-13_13-58-01-857-768x576.jpg 768w, https:\/\/laultimapalabra.com.mx\/portal\/wp-content\/uploads\/2023\/09\/Picsart_23-09-13_13-58-01-857-1536x1152.jpg 1536w, https:\/\/laultimapalabra.com.mx\/portal\/wp-content\/uploads\/2023\/09\/Picsart_23-09-13_13-58-01-857.jpg 1600w\" sizes=\"auto, (max-width: 300px) 100vw, 300px\" \/><\/p>\n<p>En el momento que La \u00daltima Palabra transmit\u00eda en vivo esta problem\u00e1tica, una mujer de la tercera edad, se sinti\u00f3 mal y fue llevada a una ambulancia que se encontraba en el lugar.<\/p>\n<p>Tambi\u00e9n solicitaron m\u00e1s cajas con personal, para que no tarde horas el pago que les env\u00eda el gobierno federal.<\/p>\n<p>Otra de las quejas es que la fila obstruye la entrada al estacionamiento de la secundaria y no dejan pasar a los maestros al plantel debido a la falta de personal que coordine esta situaci\u00f3n.<\/p>\n<p>La delegada federal Judith D\u00edaz, es quien atiende este tipo de quejas al tel\u00e9fono 8181308300, para quien desee hacer patente su inconformidad por la falta de cajeros en el Banco Bienestar, o por las largas horas de espera en el sol de los abuelitos jimenenses.<\/p>\n","protected":false},"excerpt":{"rendered":"<p>Cadereyta Jim\u00e9nez, N.L. Abuelitos de la tercera edad demandaron m\u00e1s sensibilidad, para quienes organizan su pago del apoyo de \u201c65 y M\u00e1s\u201d, ya que los hacen estar hasta cinco horas en el sol, afuera del banco Bienestar. &nbsp; &nbsp; &nbsp; &nbsp; Largas filas se forman en la sucursal ubicada en la calle L\u00f3pez Mateos de [&hellip;]<\/p>\n","protected":false},"author":9,"featured_media":46594,"comment_status":"closed","ping_status":"closed","sticky":false,"template":"","format":"standard","meta":{"footnotes":""},"categories":[17],"tags":[3840,9402,9403,1359,5859],"class_list":["post-46592","post","type-post","status-publish","format-standard","has-post-thumbnail","hentry","category-locales-cadereyta","tag-cadereyta-jimenez-nl","tag-dejan-a-abuelitos-en-el-sol","tag-hasta-cinco-horas","tag-judith-diaz","tag-ultimas-noticias"],"_links":{"self":[{"href":"https:\/\/laultimapalabra.com.mx\/portal\/wp-json\/wp\/v2\/posts\/46592","targetHints":{"allow":["GET"]}}],"collection":[{"href":"https:\/\/laultimapalabra.com.mx\/portal\/wp-json\/wp\/v2\/posts"}],"about":[{"href":"https:\/\/laultimapalabra.com.mx\/portal\/wp-json\/wp\/v2\/types\/post"}],"author":[{"embeddable":true,"href":"https:\/\/laultimapalabra.com.mx\/portal\/wp-json\/wp\/v2\/users\/9"}],"replies":[{"embeddable":true,"href":"https:\/\/laultimapalabra.com.mx\/portal\/wp-json\/wp\/v2\/comments?post=46592"}],"version-history":[{"count":2,"href":"https:\/\/laultimapalabra.com.mx\/portal\/wp-json\/wp\/v2\/posts\/46592\/revisions"}],"predecessor-version":[{"id":46602,"href":"https:\/\/laultimapalabra.com.mx\/portal\/wp-json\/wp\/v2\/posts\/46592\/revisions\/46602"}],"wp:featuredmedia":[{"embeddable":true,"href":"https:\/\/laultimapalabra.com.mx\/portal\/wp-json\/wp\/v2\/media\/46594"}],"wp:attachment":[{"href":"https:\/\/laultimapalabra.com.mx\/portal\/wp-json\/wp\/v2\/media?parent=46592"}],"wp:term":[{"taxonomy":"category","embeddable":true,"href":"https:\/\/laultimapalabra.com.mx\/portal\/wp-json\/wp\/v2\/categories?post=46592"},{"taxonomy":"post_tag","embeddable":true,"href":"https:\/\/laultimapalabra.com.mx\/portal\/wp-json\/wp\/v2\/tags?post=46592"}],"curies":[{"name":"wp","href":"https:\/\/api.w.org\/{rel}","templated":true}]}}