                       {"id":4670,"date":"2018-11-16T01:30:09","date_gmt":"2018-11-16T01:30:09","guid":{"rendered":"http:\/\/laultimapalabra.info\/?p=4670"},"modified":"2024-12-11T08:53:23","modified_gmt":"2024-12-11T14:53:23","slug":"registran-consejo-ciudadano","status":"publish","type":"post","link":"https:\/\/laultimapalabra.com.mx\/portal\/registran-consejo-ciudadano\/","title":{"rendered":"Registran Consejo Ciudadano"},"content":{"rendered":"<p style=\"text-align: justify;\"><img loading=\"lazy\" decoding=\"async\" class=\"size-medium wp-image-4671 alignleft\" src=\"https:\/\/laultimapalabra.com.mx\/portal\/wp-content\/uploads\/2018\/11\/1-15-300x181.jpg\" alt=\"\" width=\"300\" height=\"181\" \/>Miguel Oscar P\u00e9rez<br \/>\nCADEREYTA JIM\u00c9NEZ, N.L.-<br \/>\nEl pasado mi\u00e9rcoles 14 de noviembre, fue registrado ante el notario p\u00fablico Federico Garza, titular de la notar\u00eda 134 el Consejo Ciudadano de Cadereyta Jim\u00e9nez Nuevo Le\u00f3n, A.C. con seis de sus miembros de los 12 que lo conforman.<br \/>\nLos integrantes dentro del acta constitutiva, son Armando de Le\u00f3n P\u00e9rez, Rub\u00e9n Horacio Garza Cant\u00fa, Jos\u00e9 Silverio Romero Tamez, Jos\u00e9 Orlando Quintanilla Arizpe, Valdemar P\u00e9rez Marroqu\u00edn y Mar\u00eda Salom\u00e9 \u00c1lvarez Garc\u00eda.<br \/>\nDicha asociaci\u00f3n naci\u00f3 durante la pasada administraci\u00f3n como una entidad independiente y opositora al entonces alcalde Santiago Preciado, sobre todo en el \u00e1mbito de Seguridad.<br \/>\nDicha agrupaci\u00f3n est\u00e1 formada mayormente por empresarios de esta ciudad, pero que seg\u00fan sus miembros est\u00e1 abierta a toda la ciudadan\u00eda, al ser una asociaci\u00f3n civil, dijo uno de sus voceros.<br \/>\nMencionaron adem\u00e1s que el Consejo Ciudadano busca coadyuvar con las autoridades en turno para mejorar el entorno ciudadano y buscar estrategias de seguridad.<br \/>\nEl vocero de la asociaci\u00f3n, Armando De Le\u00f3n P\u00e9rez, se\u00f1al\u00f3 que los miembros que Constituyen esta Asociaci\u00f3n Civil, cuentan con m\u00e1s Ciudadanos integrados en la organizaci\u00f3n formando una red de trabajo similar a la del Ayuntamiento para relacionar las \u00e1reas a trabajar de una manera conocida y r\u00e1pida por los miembros del CCCJNL.<br \/>\n\u201cEsta Uni\u00f3n surge a partir de la crisis de seguridad que vivi\u00f3 Cadereyta en el 2017, en donde los secuestros estuvieron alcanzando a menores de edad y esta situaci\u00f3n se volvi\u00f3 intolerante, adem\u00e1s que nos encontramos con un gobierno municipal sin acciones ante tan lamentables acontecimientos\u201d, dijo en un comunicado.<br \/>\nExplic\u00f3 que aunque est\u00e1n para apoyar a los servidores p\u00fablicos si estos trabajan de acuerdo a las necesidades de la ciudadan\u00eda, pero tambi\u00e9n el consejo est\u00e1 para defender a la ciudadan\u00eda en caso de actos de corrupci\u00f3n o vac\u00edo de poder en esta ciudad.<br \/>\n\u201cEstamos para apoyar a los Servidores P\u00fablicos, pero tambi\u00e9n somos una organizaci\u00f3n de exigencia para que los recursos P\u00fablicos se apliquen correctamente y no exista Corrupci\u00f3n\u201d, concluye el bolet\u00edn.<\/p>\n","protected":false},"excerpt":{"rendered":"<p>Miguel Oscar P\u00e9rez CADEREYTA JIM\u00c9NEZ, N.L.- El pasado mi\u00e9rcoles 14 de noviembre, fue registrado ante el notario p\u00fablico Federico Garza, titular de la notar\u00eda 134 el Consejo Ciudadano de Cadereyta Jim\u00e9nez Nuevo Le\u00f3n, A.C. con seis de sus miembros de los 12 que lo conforman. Los integrantes dentro del acta constitutiva, son Armando de Le\u00f3n [&hellip;]<\/p>\n","protected":false},"author":9,"featured_media":4671,"comment_status":"open","ping_status":"closed","sticky":false,"template":"","format":"standard","meta":{"footnotes":""},"categories":[17],"tags":[37,683],"class_list":["post-4670","post","type-post","status-publish","format-standard","has-post-thumbnail","hentry","category-locales-cadereyta","tag-a-c","tag-consejo-ciudadano-de-cadereyta-jimenez-nuevo-leon"],"_links":{"self":[{"href":"https:\/\/laultimapalabra.com.mx\/portal\/wp-json\/wp\/v2\/posts\/4670","targetHints":{"allow":["GET"]}}],"collection":[{"href":"https:\/\/laultimapalabra.com.mx\/portal\/wp-json\/wp\/v2\/posts"}],"about":[{"href":"https:\/\/laultimapalabra.com.mx\/portal\/wp-json\/wp\/v2\/types\/post"}],"author":[{"embeddable":true,"href":"https:\/\/laultimapalabra.com.mx\/portal\/wp-json\/wp\/v2\/users\/9"}],"replies":[{"embeddable":true,"href":"https:\/\/laultimapalabra.com.mx\/portal\/wp-json\/wp\/v2\/comments?post=4670"}],"version-history":[{"count":1,"href":"https:\/\/laultimapalabra.com.mx\/portal\/wp-json\/wp\/v2\/posts\/4670\/revisions"}],"predecessor-version":[{"id":65532,"href":"https:\/\/laultimapalabra.com.mx\/portal\/wp-json\/wp\/v2\/posts\/4670\/revisions\/65532"}],"wp:featuredmedia":[{"embeddable":true,"href":"https:\/\/laultimapalabra.com.mx\/portal\/wp-json\/"}],"wp:attachment":[{"href":"https:\/\/laultimapalabra.com.mx\/portal\/wp-json\/wp\/v2\/media?parent=4670"}],"wp:term":[{"taxonomy":"category","embeddable":true,"href":"https:\/\/laultimapalabra.com.mx\/portal\/wp-json\/wp\/v2\/categories?post=4670"},{"taxonomy":"post_tag","embeddable":true,"href":"https:\/\/laultimapalabra.com.mx\/portal\/wp-json\/wp\/v2\/tags?post=4670"}],"curies":[{"name":"wp","href":"https:\/\/api.w.org\/{rel}","templated":true}]}}