                       {"id":46777,"date":"2023-09-18T11:44:36","date_gmt":"2023-09-18T17:44:36","guid":{"rendered":"https:\/\/laultimapalabra.com.mx\/portal\/?p=46777"},"modified":"2023-09-18T11:44:36","modified_gmt":"2023-09-18T17:44:36","slug":"se-mantienen-en-alerta-en-sonora-por-extradicion-de-ovidio-guzman","status":"publish","type":"post","link":"https:\/\/laultimapalabra.com.mx\/portal\/se-mantienen-en-alerta-en-sonora-por-extradicion-de-ovidio-guzman\/","title":{"rendered":"Se mantienen en alerta en Sonora por extradici\u00f3n de Ovidio Guzm\u00e1n"},"content":{"rendered":"<p>&nbsp;<\/p>\n<p>&nbsp;<\/p>\n<p>Hermosillo, Sonora. Alfonso Durazo Monta\u00f1o, gobernador de Sonora, anticip\u00f3 que a\u00fan cuando no se han registrado reacciones de los grupos de la delincuencia organizada por la extradici\u00f3n de Ovidio Guzm\u00e1n, alias \u201cel rat\u00f3n\u201d, l\u00edder del grupo criminal de \u201cLos Chapitos\u201d, las corporaciones de seguridad de todos los niveles de gobierno se mantiene atentas con operativos en toda la entidad ante cualquier eventualidad.<\/p>\n<p>\u201cNo deja de ser un tema que debemos cuidar, estamos atentos todas las instituciones de seguridad, ayer analizamos el tema en el gabinete de seguridad y todas las dependencias est\u00e1n atentas de cualquier eventualidad, sin embargo, creemos que no habr\u00e1 reacciones mayores\u201d, expuso Durazo en entrevista.<\/p>\n<p>Por su ubicaci\u00f3n geogr\u00e1fica, el estado de Sonora que colinda con Sinaloa y la frontera con Arizona Estados Unidos, mantiene actividad de este grupo delincuencial en el extremo Sur como Cajeme, Guaymas, Hermosillo y San Luis R\u00edo Colorado, donde se disputan la plaza para el trasiego de material il\u00edcito hacia los Estados Unidos.<\/p>\n<p>FUENTE: LA JORNADA<\/p>\n<p>CR\u00c9DITOS FOTO: LA JORNADA<\/p>\n","protected":false},"excerpt":{"rendered":"<p>&nbsp; &nbsp; Hermosillo, Sonora. Alfonso Durazo Monta\u00f1o, gobernador de Sonora, anticip\u00f3 que a\u00fan cuando no se han registrado reacciones de los grupos de la delincuencia organizada por la extradici\u00f3n de Ovidio Guzm\u00e1n, alias \u201cel rat\u00f3n\u201d, l\u00edder del grupo criminal de \u201cLos Chapitos\u201d, las corporaciones de seguridad de todos los niveles de gobierno se mantiene atentas [&hellip;]<\/p>\n","protected":false},"author":9,"featured_media":46778,"comment_status":"closed","ping_status":"closed","sticky":false,"template":"","format":"standard","meta":{"footnotes":""},"categories":[19],"tags":[9468,6672,6509,5637,6192,5859],"class_list":["post-46777","post","type-post","status-publish","format-standard","has-post-thumbnail","hentry","category-nacional","tag-alertasonora","tag-extraditado","tag-fentanilo","tag-ovidioguzman","tag-sinaloa","tag-ultimas-noticias"],"_links":{"self":[{"href":"https:\/\/laultimapalabra.com.mx\/portal\/wp-json\/wp\/v2\/posts\/46777","targetHints":{"allow":["GET"]}}],"collection":[{"href":"https:\/\/laultimapalabra.com.mx\/portal\/wp-json\/wp\/v2\/posts"}],"about":[{"href":"https:\/\/laultimapalabra.com.mx\/portal\/wp-json\/wp\/v2\/types\/post"}],"author":[{"embeddable":true,"href":"https:\/\/laultimapalabra.com.mx\/portal\/wp-json\/wp\/v2\/users\/9"}],"replies":[{"embeddable":true,"href":"https:\/\/laultimapalabra.com.mx\/portal\/wp-json\/wp\/v2\/comments?post=46777"}],"version-history":[{"count":1,"href":"https:\/\/laultimapalabra.com.mx\/portal\/wp-json\/wp\/v2\/posts\/46777\/revisions"}],"predecessor-version":[{"id":46779,"href":"https:\/\/laultimapalabra.com.mx\/portal\/wp-json\/wp\/v2\/posts\/46777\/revisions\/46779"}],"wp:featuredmedia":[{"embeddable":true,"href":"https:\/\/laultimapalabra.com.mx\/portal\/wp-json\/wp\/v2\/media\/46778"}],"wp:attachment":[{"href":"https:\/\/laultimapalabra.com.mx\/portal\/wp-json\/wp\/v2\/media?parent=46777"}],"wp:term":[{"taxonomy":"category","embeddable":true,"href":"https:\/\/laultimapalabra.com.mx\/portal\/wp-json\/wp\/v2\/categories?post=46777"},{"taxonomy":"post_tag","embeddable":true,"href":"https:\/\/laultimapalabra.com.mx\/portal\/wp-json\/wp\/v2\/tags?post=46777"}],"curies":[{"name":"wp","href":"https:\/\/api.w.org\/{rel}","templated":true}]}}