                       {"id":46813,"date":"2023-09-19T11:43:12","date_gmt":"2023-09-19T17:43:12","guid":{"rendered":"https:\/\/laultimapalabra.com.mx\/portal\/?p=46813"},"modified":"2023-09-19T11:43:12","modified_gmt":"2023-09-19T17:43:12","slug":"sera-eje-del-comercio-mundial-el-tren-interoceanico-amlo","status":"publish","type":"post","link":"https:\/\/laultimapalabra.com.mx\/portal\/sera-eje-del-comercio-mundial-el-tren-interoceanico-amlo\/","title":{"rendered":"Ser\u00e1 eje del comercio mundial el Tren Interoce\u00e1nico: AMLO"},"content":{"rendered":"<p>Ciudad de M\u00e9xico. El tren del Corredor Interoce\u00e1nico del Istmo de Tehuantepec (CIIT) es la columna vertebral del proyecto, ya empez\u00f3 a operar en su ramal de transporte de carga y a partir de diciembre de este a\u00f1o abrir\u00e1 una de sus tres l\u00edneas al servicio para pasajeros, se inform\u00f3 en la ma\u00f1anera del presidente Andr\u00e9s Manuel L\u00f3pez Obrador.<\/p>\n<p>El mandatario federal destac\u00f3 que ser\u00e1 central para el comercio mundial y record\u00f3 que desde la \u00e9poca de la Colonia se hablaba de este corredor para comunicar los oc\u00e9anos Pac\u00edfico y Atl\u00e1ntico, por encima de Nicaragua y Panam\u00e1.<\/p>\n<p>Hoy, enfatiz\u00f3, es de gran relevancia debido al desarrollo de Asia, en particular de China, lo que ha generado que los puertos del Pac\u00edfico sean las principales entradas de mercanc\u00edas.<\/p>\n<p>El domingo, el presidente realiz\u00f3 un recorrido de supervisi\u00f3n a bordo de un convoy del puerto de Salina Cruz, Oaxaca, a Coatzacoalcos, Veracruz, y resalt\u00f3 la reacci\u00f3n de la gente al paso del tren.<\/p>\n<p>El vicealmirante Raymundo Morales, director general del CIIT \u2013que est\u00e1 a cargo de la Secretar\u00eda de Marina\u2013, indic\u00f3 que se tendr\u00e1 capacidad para mover hasta un mill\u00f3n 400 mil contenedores de 20 pies al a\u00f1o, a fin de conectar el comercio que viene de Asia, Centro y Sudam\u00e9rica con la costa este de Estados Unidos.<\/p>\n<p>Su objetivo principal es instrumentar una plataforma log\u00edstica intermodal que va a estar interconectada por mil 200 kil\u00f3metros de v\u00edas f\u00e9rreas y operadas por el Ferrocarril del Istmo de Tehuantepec, apunt\u00f3 el funcionario.<\/p>\n<p>Contar\u00e1 con tres l\u00edneas f\u00e9rreas: 227 kil\u00f3metros de Coatzacoalcos a Salina Cruz, que tiene 90.44 por ciento de avance, unir\u00e1 el Pac\u00edfico con el Golfo y su apertura a pasajeros estar\u00e1 lista a partir de diciembre.<\/p>\n<p>FUENTE: LA JORNADA<\/p>\n<p>CR\u00c9DITOS FOTO: JORNADA.X @GobOax<\/p>\n","protected":false},"excerpt":{"rendered":"<p>Ciudad de M\u00e9xico. El tren del Corredor Interoce\u00e1nico del Istmo de Tehuantepec (CIIT) es la columna vertebral del proyecto, ya empez\u00f3 a operar en su ramal de transporte de carga y a partir de diciembre de este a\u00f1o abrir\u00e1 una de sus tres l\u00edneas al servicio para pasajeros, se inform\u00f3 en la ma\u00f1anera del presidente [&hellip;]<\/p>\n","protected":false},"author":9,"featured_media":46815,"comment_status":"closed","ping_status":"closed","sticky":false,"template":"","format":"standard","meta":{"footnotes":""},"categories":[19],"tags":[9486,124,9484,9485,9483,5859],"class_list":["post-46813","post","type-post","status-publish","format-standard","has-post-thumbnail","hentry","category-nacional","tag-90porcientodeavance","tag-amlo","tag-ejedelcomerciomundial","tag-ramaldecarga","tag-treninteroceanico","tag-ultimas-noticias"],"_links":{"self":[{"href":"https:\/\/laultimapalabra.com.mx\/portal\/wp-json\/wp\/v2\/posts\/46813","targetHints":{"allow":["GET"]}}],"collection":[{"href":"https:\/\/laultimapalabra.com.mx\/portal\/wp-json\/wp\/v2\/posts"}],"about":[{"href":"https:\/\/laultimapalabra.com.mx\/portal\/wp-json\/wp\/v2\/types\/post"}],"author":[{"embeddable":true,"href":"https:\/\/laultimapalabra.com.mx\/portal\/wp-json\/wp\/v2\/users\/9"}],"replies":[{"embeddable":true,"href":"https:\/\/laultimapalabra.com.mx\/portal\/wp-json\/wp\/v2\/comments?post=46813"}],"version-history":[{"count":1,"href":"https:\/\/laultimapalabra.com.mx\/portal\/wp-json\/wp\/v2\/posts\/46813\/revisions"}],"predecessor-version":[{"id":46816,"href":"https:\/\/laultimapalabra.com.mx\/portal\/wp-json\/wp\/v2\/posts\/46813\/revisions\/46816"}],"wp:featuredmedia":[{"embeddable":true,"href":"https:\/\/laultimapalabra.com.mx\/portal\/wp-json\/wp\/v2\/media\/46815"}],"wp:attachment":[{"href":"https:\/\/laultimapalabra.com.mx\/portal\/wp-json\/wp\/v2\/media?parent=46813"}],"wp:term":[{"taxonomy":"category","embeddable":true,"href":"https:\/\/laultimapalabra.com.mx\/portal\/wp-json\/wp\/v2\/categories?post=46813"},{"taxonomy":"post_tag","embeddable":true,"href":"https:\/\/laultimapalabra.com.mx\/portal\/wp-json\/wp\/v2\/tags?post=46813"}],"curies":[{"name":"wp","href":"https:\/\/api.w.org\/{rel}","templated":true}]}}