                       {"id":46818,"date":"2023-09-19T11:59:33","date_gmt":"2023-09-19T17:59:33","guid":{"rendered":"https:\/\/laultimapalabra.com.mx\/portal\/?p=46818"},"modified":"2023-09-19T11:59:33","modified_gmt":"2023-09-19T17:59:33","slug":"usan-inteligencia-artificial-ia-para-crear-imagenes-pornogrficas-de-jovenes","status":"publish","type":"post","link":"https:\/\/laultimapalabra.com.mx\/portal\/usan-inteligencia-artificial-ia-para-crear-imagenes-pornogrficas-de-jovenes\/","title":{"rendered":"Usan Inteligencia Artificial (IA) para crear im\u00e1genes pornogr@ficas de j\u00f3venes\u00a0"},"content":{"rendered":"<p>Madrid. El peque\u00f1o pueblo de Extremadura, Almendralejo, fue escenario de una difusi\u00f3n masiva de fotograf\u00edas de decenas de adolescentes manipuladas con Inteligencia Artificial (IA), en las que se utilizaron los rostros de las j\u00f3venes para crear im\u00e1genes con connotaciones pornogr\u00e1ficas.<\/p>\n<p>La polic\u00eda investiga los hechos, ya que adem\u00e1s existen las sospechas de que detr\u00e1s haya un intento de soborno o coacci\u00f3n a las menores de edad.<\/p>\n<p>Una de las madres de las j\u00f3venes, Miriam Al Adib, inici\u00f3 la denuncia y la campa\u00f1a p\u00fablica para que las afectadas denunciaran los hechos. Seg\u00fan explic\u00f3 la propia madre, su hija tiene 14 a\u00f1os y el pasado domingo, al llegar a casa, le confi\u00f3 que \u201cest\u00e1 preocupada porque hay una foto suya, creada con IA, donde aparece desnuda y est\u00e1 circulando por internet. Cuando vi la foto pensaba que era ella, y lo primero que se me vino a la cabeza fue pensar: \u00a1qu\u00e9 has hecho! Y porque la conozco, pero si no, es hiperrealista\u201d, narr\u00f3.<\/p>\n<p>La Polic\u00eda Nacional identific\u00f3 a varios menores por su supuesta implicaci\u00f3n en la presunta utilizaci\u00f3n de im\u00e1genes de chicas tambi\u00e9n menores desnudas creadas por IA, tras las denuncias presentadas en las \u00faltimas semanas. Esa misma situaci\u00f3n la viven, desde el pasado julio, m\u00e1s de una veintena de familias de Almendralejo y pueblos vecinos.<\/p>\n<p>Se sospecha que detr\u00e1s de esta campa\u00f1a de coacci\u00f3n y manipulaci\u00f3n de im\u00e1genes estar\u00eda un grupo de j\u00f3venes que, a trav\u00e9s de diferentes aplicaciones del tel\u00e9fono celular, realizan montajes con fotos de ni\u00f1as, las desnudan, y posteriormente las difunden entre grupos de amigos.<\/p>\n<p>\u201cUn chico se pone en contacto con ella pidi\u00e9ndole dinero a trav\u00e9s de las redes sociales. Mi hija se niega y, acto seguido, le manda la foto del fotomontaje\u201d, denunci\u00f3 otra de las madres afectadas, F\u00e1tima, cuya hija tiene solo 12 a\u00f1os. \u201cTemo que haya salido la foto fuera de un c\u00edrculo de adolescentes. Es lo que m\u00e1s me preocupa. Tenemos constancia de que al menos un ni\u00f1o, solo o con ayuda de un adulto, ha subido a una foto a alguna p\u00e1gina de este tipo. Y eso, aunque seas menor es un delito\u201d.<\/p>\n<p>FUENTE: LA JORNADA<\/p>\n<p>CREDITOS FOTO: LAVOZ.COM.AR<\/p>\n","protected":false},"excerpt":{"rendered":"<p>Madrid. El peque\u00f1o pueblo de Extremadura, Almendralejo, fue escenario de una difusi\u00f3n masiva de fotograf\u00edas de decenas de adolescentes manipuladas con Inteligencia Artificial (IA), en las que se utilizaron los rostros de las j\u00f3venes para crear im\u00e1genes con connotaciones pornogr\u00e1ficas. La polic\u00eda investiga los hechos, ya que adem\u00e1s existen las sospechas de que detr\u00e1s haya [&hellip;]<\/p>\n","protected":false},"author":9,"featured_media":46819,"comment_status":"closed","ping_status":"closed","sticky":false,"template":"","format":"standard","meta":{"footnotes":""},"categories":[16],"tags":[4443,6842,9489,9488,6530,9487,5859],"class_list":["post-46818","post","type-post","status-publish","format-standard","has-post-thumbnail","hentry","category-internacional","tag-espana","tag-extorsion","tag-extremanuda","tag-fotomontaje","tag-inteligenciaartificial","tag-manipulaciondeimagenespornograficas","tag-ultimas-noticias"],"_links":{"self":[{"href":"https:\/\/laultimapalabra.com.mx\/portal\/wp-json\/wp\/v2\/posts\/46818","targetHints":{"allow":["GET"]}}],"collection":[{"href":"https:\/\/laultimapalabra.com.mx\/portal\/wp-json\/wp\/v2\/posts"}],"about":[{"href":"https:\/\/laultimapalabra.com.mx\/portal\/wp-json\/wp\/v2\/types\/post"}],"author":[{"embeddable":true,"href":"https:\/\/laultimapalabra.com.mx\/portal\/wp-json\/wp\/v2\/users\/9"}],"replies":[{"embeddable":true,"href":"https:\/\/laultimapalabra.com.mx\/portal\/wp-json\/wp\/v2\/comments?post=46818"}],"version-history":[{"count":1,"href":"https:\/\/laultimapalabra.com.mx\/portal\/wp-json\/wp\/v2\/posts\/46818\/revisions"}],"predecessor-version":[{"id":46820,"href":"https:\/\/laultimapalabra.com.mx\/portal\/wp-json\/wp\/v2\/posts\/46818\/revisions\/46820"}],"wp:featuredmedia":[{"embeddable":true,"href":"https:\/\/laultimapalabra.com.mx\/portal\/wp-json\/wp\/v2\/media\/46819"}],"wp:attachment":[{"href":"https:\/\/laultimapalabra.com.mx\/portal\/wp-json\/wp\/v2\/media?parent=46818"}],"wp:term":[{"taxonomy":"category","embeddable":true,"href":"https:\/\/laultimapalabra.com.mx\/portal\/wp-json\/wp\/v2\/categories?post=46818"},{"taxonomy":"post_tag","embeddable":true,"href":"https:\/\/laultimapalabra.com.mx\/portal\/wp-json\/wp\/v2\/tags?post=46818"}],"curies":[{"name":"wp","href":"https:\/\/api.w.org\/{rel}","templated":true}]}}