                       {"id":46843,"date":"2023-09-19T12:56:11","date_gmt":"2023-09-19T18:56:11","guid":{"rendered":"https:\/\/laultimapalabra.com.mx\/portal\/?p=46843"},"modified":"2023-09-19T12:56:11","modified_gmt":"2023-09-19T18:56:11","slug":"continua-rio-san-bartolo-seco-a-pesar-de-lluvias","status":"publish","type":"post","link":"https:\/\/laultimapalabra.com.mx\/portal\/continua-rio-san-bartolo-seco-a-pesar-de-lluvias\/","title":{"rendered":"Contin\u00faa r\u00edo San Bartolo seco, a pesar de lluvias"},"content":{"rendered":"<p>Cadereyta Jim\u00e9nez, N.L.-Tras las lluvias del fin de semana pasado, la vista del r\u00edo San Bartolo luce desalentadora debido a que contin\u00faan espacios completamente secos.<\/p>\n<p>&nbsp;<\/p>\n<p>&nbsp;<\/p>\n<p>&nbsp;<\/p>\n<p>&nbsp;<\/p>\n<p><img loading=\"lazy\" decoding=\"async\" class=\"alignnone size-medium wp-image-46845\" src=\"https:\/\/laultimapalabra.com.mx\/portal\/wp-content\/uploads\/2023\/09\/IMG-20230919-WA0025-300x169.jpg\" alt=\"\" width=\"300\" height=\"169\" srcset=\"https:\/\/laultimapalabra.com.mx\/portal\/wp-content\/uploads\/2023\/09\/IMG-20230919-WA0025-300x169.jpg 300w, https:\/\/laultimapalabra.com.mx\/portal\/wp-content\/uploads\/2023\/09\/IMG-20230919-WA0025-1024x576.jpg 1024w, https:\/\/laultimapalabra.com.mx\/portal\/wp-content\/uploads\/2023\/09\/IMG-20230919-WA0025-768x432.jpg 768w, https:\/\/laultimapalabra.com.mx\/portal\/wp-content\/uploads\/2023\/09\/IMG-20230919-WA0025-1536x864.jpg 1536w, https:\/\/laultimapalabra.com.mx\/portal\/wp-content\/uploads\/2023\/09\/IMG-20230919-WA0025.jpg 1599w\" sizes=\"auto, (max-width: 300px) 100vw, 300px\" \/><\/p>\n<p>En algunos municipios la precipitaci\u00f3n del fin de semana aumento el caudal de r\u00edos y arroyos, sin embargo, en el municipio de Cadereyta, no se registr\u00f3 lluvia considerable que beneficiar\u00e1 a los cauces.<\/p>\n<p>Cabe resaltar que estas zonas son usadas por los Jimenenses, los fines de semana para refrescarse o distraerse, pero ahora tendr\u00e1n que buscar otras opciones ya que los pron\u00f3sticos no son favorables para que se registre lluvia que alivie la sequ\u00eda.<\/p>\n","protected":false},"excerpt":{"rendered":"<p>Cadereyta Jim\u00e9nez, N.L.-Tras las lluvias del fin de semana pasado, la vista del r\u00edo San Bartolo luce desalentadora debido a que contin\u00faan espacios completamente secos. &nbsp; &nbsp; &nbsp; &nbsp; En algunos municipios la precipitaci\u00f3n del fin de semana aumento el caudal de r\u00edos y arroyos, sin embargo, en el municipio de Cadereyta, no se registr\u00f3 [&hellip;]<\/p>\n","protected":false},"author":9,"featured_media":46844,"comment_status":"closed","ping_status":"closed","sticky":false,"template":"","format":"standard","meta":{"footnotes":""},"categories":[17],"tags":[4343,9500,9243,5859],"class_list":["post-46843","post","type-post","status-publish","format-standard","has-post-thumbnail","hentry","category-locales-cadereyta","tag-lluvias","tag-rio-seco","tag-san-bartolo","tag-ultimas-noticias"],"_links":{"self":[{"href":"https:\/\/laultimapalabra.com.mx\/portal\/wp-json\/wp\/v2\/posts\/46843","targetHints":{"allow":["GET"]}}],"collection":[{"href":"https:\/\/laultimapalabra.com.mx\/portal\/wp-json\/wp\/v2\/posts"}],"about":[{"href":"https:\/\/laultimapalabra.com.mx\/portal\/wp-json\/wp\/v2\/types\/post"}],"author":[{"embeddable":true,"href":"https:\/\/laultimapalabra.com.mx\/portal\/wp-json\/wp\/v2\/users\/9"}],"replies":[{"embeddable":true,"href":"https:\/\/laultimapalabra.com.mx\/portal\/wp-json\/wp\/v2\/comments?post=46843"}],"version-history":[{"count":1,"href":"https:\/\/laultimapalabra.com.mx\/portal\/wp-json\/wp\/v2\/posts\/46843\/revisions"}],"predecessor-version":[{"id":46846,"href":"https:\/\/laultimapalabra.com.mx\/portal\/wp-json\/wp\/v2\/posts\/46843\/revisions\/46846"}],"wp:featuredmedia":[{"embeddable":true,"href":"https:\/\/laultimapalabra.com.mx\/portal\/wp-json\/wp\/v2\/media\/46844"}],"wp:attachment":[{"href":"https:\/\/laultimapalabra.com.mx\/portal\/wp-json\/wp\/v2\/media?parent=46843"}],"wp:term":[{"taxonomy":"category","embeddable":true,"href":"https:\/\/laultimapalabra.com.mx\/portal\/wp-json\/wp\/v2\/categories?post=46843"},{"taxonomy":"post_tag","embeddable":true,"href":"https:\/\/laultimapalabra.com.mx\/portal\/wp-json\/wp\/v2\/tags?post=46843"}],"curies":[{"name":"wp","href":"https:\/\/api.w.org\/{rel}","templated":true}]}}