                       {"id":46890,"date":"2023-09-19T15:58:47","date_gmt":"2023-09-19T21:58:47","guid":{"rendered":"https:\/\/laultimapalabra.com.mx\/portal\/?p=46890"},"modified":"2023-09-19T15:58:47","modified_gmt":"2023-09-19T21:58:47","slug":"realiza-proteccion-civil-exitoso-simulacro-en-jardin-de-ninos","status":"publish","type":"post","link":"https:\/\/laultimapalabra.com.mx\/portal\/realiza-proteccion-civil-exitoso-simulacro-en-jardin-de-ninos\/","title":{"rendered":"Realiza Protecci\u00f3n Civil exitoso simulacro en jard\u00edn de ni\u00f1os"},"content":{"rendered":"<p>Ju\u00e1rez, N.L.Esta ma\u00f1ana, elementos de Protecci\u00f3n Civil de Ju\u00e1rez, realizaron el simulacro de una fuga de gas en la Estancia Infantil y Jard\u00edn de Ni\u00f1os \u201cIsmael Garza de la Garza\u201d, ubicada en la calle Benito Ju\u00e1rez, entre Francisco I Madero y Guerrero en el centro de la ciudad.<\/p>\n<p>&nbsp;<\/p>\n<p>&nbsp;<\/p>\n<p>&nbsp;<\/p>\n<p>&nbsp;<\/p>\n<p><img loading=\"lazy\" decoding=\"async\" class=\"alignnone size-medium wp-image-46892\" src=\"https:\/\/laultimapalabra.com.mx\/portal\/wp-content\/uploads\/2023\/09\/IMG-20230919-WA0059-300x169.jpg\" alt=\"\" width=\"300\" height=\"169\" srcset=\"https:\/\/laultimapalabra.com.mx\/portal\/wp-content\/uploads\/2023\/09\/IMG-20230919-WA0059-300x169.jpg 300w, https:\/\/laultimapalabra.com.mx\/portal\/wp-content\/uploads\/2023\/09\/IMG-20230919-WA0059-768x432.jpg 768w, https:\/\/laultimapalabra.com.mx\/portal\/wp-content\/uploads\/2023\/09\/IMG-20230919-WA0059.jpg 1024w\" sizes=\"auto, (max-width: 300px) 100vw, 300px\" \/><\/p>\n<p>Durante el simulacro de la contingencia, la salida de la corporaci\u00f3n y llegada de los bomberos y rescatistas, tuvo una duraci\u00f3n de cuatro minutos, mientras que en un minuto y 15 segundos las maestras desalojaron el edificio sacando ordenadamente a los ni\u00f1os al patio del lugar.<\/p>\n<p>La titular de las guarder\u00edas de Ju\u00e1rez, Rosa Velazco y el director de Protecci\u00f3n Civil y Bomberos, Francisco Moyar, dirigieron las operaciones en la que se involucr\u00f3 a una de las maestras, actuando como si fuera una persona afectada por intoxicaci\u00f3n.<\/p>\n","protected":false},"excerpt":{"rendered":"<p>Ju\u00e1rez, N.L.Esta ma\u00f1ana, elementos de Protecci\u00f3n Civil de Ju\u00e1rez, realizaron el simulacro de una fuga de gas en la Estancia Infantil y Jard\u00edn de Ni\u00f1os \u201cIsmael Garza de la Garza\u201d, ubicada en la calle Benito Ju\u00e1rez, entre Francisco I Madero y Guerrero en el centro de la ciudad. &nbsp; &nbsp; &nbsp; &nbsp; Durante el simulacro [&hellip;]<\/p>\n","protected":false},"author":9,"featured_media":46891,"comment_status":"closed","ping_status":"closed","sticky":false,"template":"","format":"standard","meta":{"footnotes":""},"categories":[18],"tags":[9511,4570,3590,1875,5859],"class_list":["post-46890","post","type-post","status-publish","format-standard","has-post-thumbnail","hentry","category-locales-juarez","tag-exitoso-simulacro","tag-jardin-de-ninos","tag-juarez-nl","tag-proteccion-civil","tag-ultimas-noticias"],"_links":{"self":[{"href":"https:\/\/laultimapalabra.com.mx\/portal\/wp-json\/wp\/v2\/posts\/46890","targetHints":{"allow":["GET"]}}],"collection":[{"href":"https:\/\/laultimapalabra.com.mx\/portal\/wp-json\/wp\/v2\/posts"}],"about":[{"href":"https:\/\/laultimapalabra.com.mx\/portal\/wp-json\/wp\/v2\/types\/post"}],"author":[{"embeddable":true,"href":"https:\/\/laultimapalabra.com.mx\/portal\/wp-json\/wp\/v2\/users\/9"}],"replies":[{"embeddable":true,"href":"https:\/\/laultimapalabra.com.mx\/portal\/wp-json\/wp\/v2\/comments?post=46890"}],"version-history":[{"count":1,"href":"https:\/\/laultimapalabra.com.mx\/portal\/wp-json\/wp\/v2\/posts\/46890\/revisions"}],"predecessor-version":[{"id":46893,"href":"https:\/\/laultimapalabra.com.mx\/portal\/wp-json\/wp\/v2\/posts\/46890\/revisions\/46893"}],"wp:featuredmedia":[{"embeddable":true,"href":"https:\/\/laultimapalabra.com.mx\/portal\/wp-json\/wp\/v2\/media\/46891"}],"wp:attachment":[{"href":"https:\/\/laultimapalabra.com.mx\/portal\/wp-json\/wp\/v2\/media?parent=46890"}],"wp:term":[{"taxonomy":"category","embeddable":true,"href":"https:\/\/laultimapalabra.com.mx\/portal\/wp-json\/wp\/v2\/categories?post=46890"},{"taxonomy":"post_tag","embeddable":true,"href":"https:\/\/laultimapalabra.com.mx\/portal\/wp-json\/wp\/v2\/tags?post=46890"}],"curies":[{"name":"wp","href":"https:\/\/api.w.org\/{rel}","templated":true}]}}