                       {"id":46904,"date":"2023-09-20T11:10:19","date_gmt":"2023-09-20T17:10:19","guid":{"rendered":"https:\/\/laultimapalabra.com.mx\/portal\/?p=46904"},"modified":"2023-09-20T11:10:19","modified_gmt":"2023-09-20T17:10:19","slug":"con-votos-de-panistas-y-priistassenado-designa-a-celia-maya-garcia-como-integrante-del-cjf","status":"publish","type":"post","link":"https:\/\/laultimapalabra.com.mx\/portal\/con-votos-de-panistas-y-priistassenado-designa-a-celia-maya-garcia-como-integrante-del-cjf\/","title":{"rendered":"Con votos de panistas y priistas\u2026Senado designa a Celia Maya Garc\u00eda como integrante del CJF"},"content":{"rendered":"<p>Ciudad de M\u00e9xico. El Senado de la Rep\u00fablica design\u00f3 hoy a la magistrada en retiro Celia Maya Garc\u00eda, como integrante del Consejo de la Judicatura Federal (CJF), con el aval de Morena y sus aliados y de parte de los legisladores del PRI y PAN y entre reclamos de la mayor\u00eda de la oposici\u00f3n que objet\u00f3 su filiaci\u00f3n dentro de la 4T.<\/p>\n<p>Morena logr\u00f3 dividir al bloque opositor, ya que la votaci\u00f3n final fue de 70 votos a favor, entre ellos ocho de priistas, ex priistas y panistas, 31 en contra y dos abstenciones.<\/p>\n<p>Ello, luego del acre debate en el que los senadores de Morena, C\u00e9sar Cravioto y Antares defendieron la trayectoria de 34 a\u00f1os como juez y magistrada y la honestidad de Celia Maya.<\/p>\n<p>Esto garantiza, sostuvieron, un equilibrio y contrapeso dentro de un poder judicial que se ha dedicado a proteger a la delincuencia organizada y a frenar las iniciativas de la Cuarta Transformaci\u00f3n.<\/p>\n<p>En contraparte, senadores del PAN, MC y Grupo Plural sostuvieron que no se cuestiona la honestidad y la experiencia de Maya como juzgadora, sino que ha sido tres veces candidata a la gubernatura de Quer\u00e9taro por la izquierda, la m\u00e1s reciente por las siglas de Morena, partido por el que contendi\u00f3 tambi\u00e9n por una senadur\u00eda lo que no garantiza su independencia frente al poder ejecutivo.<\/p>\n<p>El senador panista Dami\u00e1n Zepeda y el coordinador de MC, Dante Delgado, se manifestaron en contra del acuerdo de la Junta de Coordinaci\u00f3n Pol\u00edtica que encabeza el Morenista Eduardo Ram\u00edrez de proponer a Maya para cubrir la plaza en el CJF que estaba pendiente desde el 2021, en lugar de presentar una terna con otros de los candidatos que participaron en el proceso seleccionador.<\/p>\n<p>El Consejo de la Judicatura \u201ces un \u00f3rgano poderos\u00edsimo\u201d responsable de vigilar la actuaci\u00f3n de jueces, magistrados y ministros\u201d y no debe politizarse, insisti\u00f3, mientras que el<\/p>\n<p>coordinador de MC, Dante Delgado, recalc\u00f3 que el nombramiento forma parte de la decisi\u00f3n del presidente Andr\u00e9s Manuel L\u00f3pez Obrador de atacar y minar al poder judicial. \u201cNo se debe partidizar\u201d el CJF, insisti\u00f3.<\/p>\n<p>\u201c\u00bfDe cu\u00e1ndo ac\u00e1 los magistrados no pueden tener participaci\u00f3n pol\u00edtica?, pregunt\u00f3 desde tribuna el senador Cravioto y se\u00f1al\u00f3 que lo que a la oposici\u00f3n le molesta es que se busque un contrapeso en el Consejo de la Judicatura, donde impera la corrupci\u00f3n.<\/p>\n<p>Cualquiera de los candidatos que el Senado evalu\u00f3 son mejores que los consejeros actuales, recalc\u00f3 el tambi\u00e9n Morenista F\u00e9lix Salgado, mientras que su compa\u00f1era Antares V\u00e1zquez advirti\u00f3 que la mayor\u00eda de los opositores defienden a un poder judicial que libera a narcotraficantes, a feminicidas, que ampara a evasores fiscales, cuando un juez le concedi\u00f3 amparo a \u201cla se\u00f1ora X\u201d, para que no se sepa de sus corruptelas.<\/p>\n<p>Al final, el presidente de la Jucopo, Eduardo Ram\u00edrez, logr\u00f3 que el coordinador del PRI, Manuel A\u00f1orve, los tambi\u00e9n priistas \u00c1ngel Y\u00e1\u00f1ez y Ver\u00f3nica Mart\u00ednez y los ex priistas Claudia Ru\u00edz Massieu y Eruviel \u00c1vila, adem\u00e1s de los senadores del PAN, Juan Moya Clemente, Alfredo Botello y Estrella Rojas Loreto, \u00e9stos dos \u00faltimos de Quer\u00e9taro, votar\u00e1n junto con Morena y sus aliados el nombramiento de Celia Maya, que poco despu\u00e9s rindi\u00f3 protesta ante el pleno del Senado.<\/p>\n<p>FUENTE: LA JORNADA<\/p>\n<p>CR\u00c9DITOS FOTO: LA JORNADA<\/p>\n<p>&nbsp;<\/p>\n","protected":false},"excerpt":{"rendered":"<p>Ciudad de M\u00e9xico. El Senado de la Rep\u00fablica design\u00f3 hoy a la magistrada en retiro Celia Maya Garc\u00eda, como integrante del Consejo de la Judicatura Federal (CJF), con el aval de Morena y sus aliados y de parte de los legisladores del PRI y PAN y entre reclamos de la mayor\u00eda de la oposici\u00f3n que [&hellip;]<\/p>\n","protected":false},"author":9,"featured_media":46905,"comment_status":"closed","ping_status":"closed","sticky":false,"template":"","format":"standard","meta":{"footnotes":""},"categories":[19],"tags":[124,9513,9515,9514,2126,5859],"class_list":["post-46904","post","type-post","status-publish","format-standard","has-post-thumbnail","hentry","category-nacional","tag-amlo","tag-celiamaya","tag-consejodelajudicaturafederal","tag-rindeprotesta","tag-senado","tag-ultimas-noticias"],"_links":{"self":[{"href":"https:\/\/laultimapalabra.com.mx\/portal\/wp-json\/wp\/v2\/posts\/46904","targetHints":{"allow":["GET"]}}],"collection":[{"href":"https:\/\/laultimapalabra.com.mx\/portal\/wp-json\/wp\/v2\/posts"}],"about":[{"href":"https:\/\/laultimapalabra.com.mx\/portal\/wp-json\/wp\/v2\/types\/post"}],"author":[{"embeddable":true,"href":"https:\/\/laultimapalabra.com.mx\/portal\/wp-json\/wp\/v2\/users\/9"}],"replies":[{"embeddable":true,"href":"https:\/\/laultimapalabra.com.mx\/portal\/wp-json\/wp\/v2\/comments?post=46904"}],"version-history":[{"count":1,"href":"https:\/\/laultimapalabra.com.mx\/portal\/wp-json\/wp\/v2\/posts\/46904\/revisions"}],"predecessor-version":[{"id":46906,"href":"https:\/\/laultimapalabra.com.mx\/portal\/wp-json\/wp\/v2\/posts\/46904\/revisions\/46906"}],"wp:featuredmedia":[{"embeddable":true,"href":"https:\/\/laultimapalabra.com.mx\/portal\/wp-json\/wp\/v2\/media\/46905"}],"wp:attachment":[{"href":"https:\/\/laultimapalabra.com.mx\/portal\/wp-json\/wp\/v2\/media?parent=46904"}],"wp:term":[{"taxonomy":"category","embeddable":true,"href":"https:\/\/laultimapalabra.com.mx\/portal\/wp-json\/wp\/v2\/categories?post=46904"},{"taxonomy":"post_tag","embeddable":true,"href":"https:\/\/laultimapalabra.com.mx\/portal\/wp-json\/wp\/v2\/tags?post=46904"}],"curies":[{"name":"wp","href":"https:\/\/api.w.org\/{rel}","templated":true}]}}