                       {"id":47057,"date":"2023-09-22T11:39:41","date_gmt":"2023-09-22T17:39:41","guid":{"rendered":"https:\/\/laultimapalabra.com.mx\/portal\/?p=47057"},"modified":"2023-09-22T11:39:41","modified_gmt":"2023-09-22T17:39:41","slug":"lamenta-amlo-fallos-judiciales-a-favor-de-carmona-y-collado","status":"publish","type":"post","link":"https:\/\/laultimapalabra.com.mx\/portal\/lamenta-amlo-fallos-judiciales-a-favor-de-carmona-y-collado\/","title":{"rendered":"Lamenta AMLO fallos judiciales a favor de Carmona y Collado"},"content":{"rendered":"<p>Ciudad de M\u00e9xico. El presidente Andr\u00e9s Manuel L\u00f3pez Obrador lament\u00f3 las resoluciones judiciales favorables al fiscal de Morelos, Uriel Carmona G\u00e1ndara, y del abogado Juan Collado, por lo que volvi\u00f3 a llamar a una reforma al Poder Judicial.<\/p>\n<p>\u201c\u00a1Pero qu\u00e9 influencias del fiscal! Porque un juez, y otro, y otro, y otro (ordenan dejarlo en libertad). Hab\u00eda consigna, lamentable la actitud del Poder Judicial\u201d, se\u00f1al\u00f3 el mandatario federal a pregunta expresa.<\/p>\n<p>Para el tabasque\u00f1o existe una \u201cprotecci\u00f3n\u201d al fiscal morelense por parte de todo el Poder Judicial, sobre todo con el argumento de que tiene fuero.<\/p>\n<p>Por cuarta ocasi\u00f3n, un tribunal colegiado orden\u00f3 liberar al fiscal de Morelos para que contin\u00fae fuera de prisi\u00f3n el proceso por su presunta responsabilidad en el delito de tortura en agravio de Luis Alberto N, El Diablo.<\/p>\n<p>En caso de que salga del Centro Federal de Readaptaci\u00f3n Social n\u00famero uno, El Altiplano, donde hasta ayer se encontraba recluido, enfrentar\u00eda cuatro procesos en libertad, tres de ellos por delitos relacionados con el feminicidio de Ariadna Fernanda, cuyo cuerpo fue encontrado el 31 de octubre de 2022 en la carretera La Pera-Cuautla.<\/p>\n<p>Al jefe del Ejecutivo, tambi\u00e9n se le pregunt\u00f3 sobre la resoluci\u00f3n de un juez federal que ayer autoriz\u00f3 que el abogado Collado salga de prisi\u00f3n y enfrente sus causas penales en libertad vigilada.<\/p>\n<p>\u201cNo conozco cu\u00e1l fue el razonamiento para dejar en libertad al se\u00f1or Collado, pues posiblemente es lo mismo (que Carmona), es que el abogado Collado era muy influyente, era el abogado m\u00e1s cercano a Carlos Salinas de Gortari y a Diego Fern\u00e1ndez de Cevallos, no estoy diciendo mentiras, me consta\u201d.<\/p>\n<p>Record\u00f3 entonces el caso del empresario Carlos Ahumada y c\u00f3mo, tras develar los llamados \u201cvideoesc\u00e1ndalos\u201d donde se observaba a Ren\u00e9 Bejarano recibir una alta suma de dinero en efectivo, se refugi\u00f3 en Cuba, el abogado que lo fue a defender en el pa\u00eds caribe\u00f1o fue precisamente Collado.<\/p>\n<p>\u201cCuando se pone de acuerdo Ahumada, el empresario argentino que entreg\u00f3 dinero al maestro Bejarano, y que sali\u00f3 en Televisa, recibiendo el dinero, la grabaci\u00f3n, la cinta, el video, lo vio primero Salinas y Salinas llam\u00f3 a Diego y dijo: \u2018Me gusta mucho, con esto vamos a hacer minilla de Peje\u2019. Interviene el Cisen, era secretario de gobernaci\u00f3n (Santiago) Creel, (Vicente) Fox era presidente, y en relaci\u00f3n estrecha con Televisa, echan a andar todo lo de los videos.<\/p>\n<p>\u201cNos enteramos, porque no sab\u00edamos, ahora s\u00ed que de parte de qui\u00e9n, al principio, de que estaba refugiado en Cuba porque Salinas lo hab\u00eda recomendado, Ahumada, y hab\u00eda una ma\u00f1anera, yo era jefe de gobierno y empec\u00e9 a denunciar, que consider\u00e1bamos que era una verg\u00fcenza que el gobierno de Cuba protegiera a una gente como Ahumada por consigna o por atender una petici\u00f3n de Salinas. Y en ese entonces, el comandante Fidel Castro decidi\u00f3 deslindarse y detuvieron a Ahumada en Cuba. Y el abogado que fue a defender a Ahumada, mandado por Salinas, fue Collado\u201d.<\/p>\n<p>L\u00f3pez Obrador indic\u00f3 que se trata de \u201cun abogado muy influyente en aquellos tiempos, no podr\u00eda decir si sigue siendo igual de influyente. Ahora es distinto, s\u00f3lo los protegen en el Poder Judicial, ah\u00ed est\u00e1 la protecci\u00f3n, de los que estuvieron con (Genaro) Garc\u00eda Luna, todos, todos se van para all\u00e1\u201d.<\/p>\n<p>Frente a resoluciones como \u00e9stas, el mandatario llam\u00f3 a reformar al Poder Judicial para que sus miembros sean electos por voto popular, e &#8220;impartan justicia en beneficio del pueblo, de la gente, no hacen nada por el pueblo, es un poder para una minor\u00eda rapaz, para unos cuantos.<\/p>\n<p>\u201c\u00bfAlcanzan ustedes a ver, a encontrar, alg\u00fan campesino, obrero, gente del pueblo, en las antesalas de los ministros de la Corte? Puro machuch\u00f3n, chipocludo, abogados de despachos donde llevan casos que cobran en d\u00f3lares y por hora. Entonces eso tiene que cambiar, pero lo tiene que hacer el pueblo, el mejor remedio es la democracia\u201d.<\/p>\n<p>Fuente: abc noticias<\/p>\n<p>CREDITO DE FOTO: La Jornada<\/p>\n","protected":false},"excerpt":{"rendered":"<p>Ciudad de M\u00e9xico. El presidente Andr\u00e9s Manuel L\u00f3pez Obrador lament\u00f3 las resoluciones judiciales favorables al fiscal de Morelos, Uriel Carmona G\u00e1ndara, y del abogado Juan Collado, por lo que volvi\u00f3 a llamar a una reforma al Poder Judicial. \u201c\u00a1Pero qu\u00e9 influencias del fiscal! Porque un juez, y otro, y otro, y otro (ordenan dejarlo en [&hellip;]<\/p>\n","protected":false},"author":9,"featured_media":47058,"comment_status":"closed","ping_status":"closed","sticky":false,"template":"","format":"standard","meta":{"footnotes":""},"categories":[19],"tags":[9562,124,9561,9560,6274,5859],"class_list":["post-47057","post","type-post","status-publish","format-standard","has-post-thumbnail","hentry","category-nacional","tag-abogadosinfluyentes","tag-amlo","tag-fallosdelascjn","tag-fiscalmorelos","tag-juancollado","tag-ultimas-noticias"],"_links":{"self":[{"href":"https:\/\/laultimapalabra.com.mx\/portal\/wp-json\/wp\/v2\/posts\/47057","targetHints":{"allow":["GET"]}}],"collection":[{"href":"https:\/\/laultimapalabra.com.mx\/portal\/wp-json\/wp\/v2\/posts"}],"about":[{"href":"https:\/\/laultimapalabra.com.mx\/portal\/wp-json\/wp\/v2\/types\/post"}],"author":[{"embeddable":true,"href":"https:\/\/laultimapalabra.com.mx\/portal\/wp-json\/wp\/v2\/users\/9"}],"replies":[{"embeddable":true,"href":"https:\/\/laultimapalabra.com.mx\/portal\/wp-json\/wp\/v2\/comments?post=47057"}],"version-history":[{"count":1,"href":"https:\/\/laultimapalabra.com.mx\/portal\/wp-json\/wp\/v2\/posts\/47057\/revisions"}],"predecessor-version":[{"id":47059,"href":"https:\/\/laultimapalabra.com.mx\/portal\/wp-json\/wp\/v2\/posts\/47057\/revisions\/47059"}],"wp:featuredmedia":[{"embeddable":true,"href":"https:\/\/laultimapalabra.com.mx\/portal\/wp-json\/wp\/v2\/media\/47058"}],"wp:attachment":[{"href":"https:\/\/laultimapalabra.com.mx\/portal\/wp-json\/wp\/v2\/media?parent=47057"}],"wp:term":[{"taxonomy":"category","embeddable":true,"href":"https:\/\/laultimapalabra.com.mx\/portal\/wp-json\/wp\/v2\/categories?post=47057"},{"taxonomy":"post_tag","embeddable":true,"href":"https:\/\/laultimapalabra.com.mx\/portal\/wp-json\/wp\/v2\/tags?post=47057"}],"curies":[{"name":"wp","href":"https:\/\/api.w.org\/{rel}","templated":true}]}}