                       {"id":47073,"date":"2023-09-22T12:04:18","date_gmt":"2023-09-22T18:04:18","guid":{"rendered":"https:\/\/laultimapalabra.com.mx\/portal\/?p=47073"},"modified":"2023-09-22T12:04:18","modified_gmt":"2023-09-22T18:04:18","slug":"atentado-con-coche-bomb-deja-dos-mu3rtos-en-cauca-colombia","status":"publish","type":"post","link":"https:\/\/laultimapalabra.com.mx\/portal\/atentado-con-coche-bomb-deja-dos-mu3rtos-en-cauca-colombia\/","title":{"rendered":"Atentado con coche bomb@ deja dos mu3rtos en Cauca, Colombia"},"content":{"rendered":"<p>Cauca. Al menos dos personas fallecieron y dos m\u00e1s quedaron heridas este mi\u00e9rcoles en un atentado con coche bomba contra una estaci\u00f3n de polic\u00eda en el suroeste de Colombia, en medio de negociaciones de paz entre el gobierno y grupos armados.<\/p>\n<p>Seg\u00fan la polic\u00eda, luego del atentado se registraron enfrentamientos, en la localidad rural de Timba, en el departamento de Cauca, donde operan disidencias de las FARC que se apartaron del acuerdo de paz de 2016 y que iniciar\u00e1n nuevos di\u00e1logos con el gobierno el 8 de octubre.<\/p>\n<p>Sin referirse directamente al atentado de este mi\u00e9rcoles el presidente Gustavo Petro asegur\u00f3 que &#8220;las acciones&#8221; de las disidencias del Estado Mayor Central (EMC) en la regi\u00f3n son una represalia por las operaciones militares contra los narcocultivos.<\/p>\n<p>Hasta el momento ning\u00fan grupo se ha adjudicado el ataque, ni las autoridades han determinado qui\u00e9nes son los responsables.<\/p>\n<p>Petro aspira desactivar seis d\u00e9cadas de conflicto armado por medio del di\u00e1logo con todas las organizaciones ilegales.<\/p>\n<p>&#8220;Es absurdo que los grupos armados hablen de hacer la paz y sus acciones son muestras de guerra&#8221;, asever\u00f3 el Defensor del Pueblo, Carlos Camargo, como reacci\u00f3n al ataque.<\/p>\n<p>De acuerdo a la entidad los grupos armados &#8220;solo se han estado burlando del anhelo&#8221; de paz de los colombianos.<\/p>\n<p>FUENTE: LA JORNADA<\/p>\n<p>CR\u00c9DITOS FOTO: AP<\/p>\n","protected":false},"excerpt":{"rendered":"<p>Cauca. Al menos dos personas fallecieron y dos m\u00e1s quedaron heridas este mi\u00e9rcoles en un atentado con coche bomba contra una estaci\u00f3n de polic\u00eda en el suroeste de Colombia, en medio de negociaciones de paz entre el gobierno y grupos armados. Seg\u00fan la polic\u00eda, luego del atentado se registraron enfrentamientos, en la localidad rural de [&hellip;]<\/p>\n","protected":false},"author":9,"featured_media":47074,"comment_status":"closed","ping_status":"closed","sticky":false,"template":"","format":"standard","meta":{"footnotes":""},"categories":[16],"tags":[8504,5634,9564,7240,5859],"class_list":["post-47073","post","type-post","status-publish","format-standard","has-post-thumbnail","hentry","category-internacional","tag-cochebomba","tag-colombia","tag-dosmuertosyheridos","tag-gustavopetro","tag-ultimas-noticias"],"_links":{"self":[{"href":"https:\/\/laultimapalabra.com.mx\/portal\/wp-json\/wp\/v2\/posts\/47073","targetHints":{"allow":["GET"]}}],"collection":[{"href":"https:\/\/laultimapalabra.com.mx\/portal\/wp-json\/wp\/v2\/posts"}],"about":[{"href":"https:\/\/laultimapalabra.com.mx\/portal\/wp-json\/wp\/v2\/types\/post"}],"author":[{"embeddable":true,"href":"https:\/\/laultimapalabra.com.mx\/portal\/wp-json\/wp\/v2\/users\/9"}],"replies":[{"embeddable":true,"href":"https:\/\/laultimapalabra.com.mx\/portal\/wp-json\/wp\/v2\/comments?post=47073"}],"version-history":[{"count":1,"href":"https:\/\/laultimapalabra.com.mx\/portal\/wp-json\/wp\/v2\/posts\/47073\/revisions"}],"predecessor-version":[{"id":47075,"href":"https:\/\/laultimapalabra.com.mx\/portal\/wp-json\/wp\/v2\/posts\/47073\/revisions\/47075"}],"wp:featuredmedia":[{"embeddable":true,"href":"https:\/\/laultimapalabra.com.mx\/portal\/wp-json\/wp\/v2\/media\/47074"}],"wp:attachment":[{"href":"https:\/\/laultimapalabra.com.mx\/portal\/wp-json\/wp\/v2\/media?parent=47073"}],"wp:term":[{"taxonomy":"category","embeddable":true,"href":"https:\/\/laultimapalabra.com.mx\/portal\/wp-json\/wp\/v2\/categories?post=47073"},{"taxonomy":"post_tag","embeddable":true,"href":"https:\/\/laultimapalabra.com.mx\/portal\/wp-json\/wp\/v2\/tags?post=47073"}],"curies":[{"name":"wp","href":"https:\/\/api.w.org\/{rel}","templated":true}]}}