                       {"id":471,"date":"2018-02-22T23:42:57","date_gmt":"2018-02-22T23:42:57","guid":{"rendered":"http:\/\/laultimapalabra.info\/?p=471"},"modified":"2024-12-11T08:36:59","modified_gmt":"2024-12-11T14:36:59","slug":"enojo-irracional","status":"publish","type":"post","link":"https:\/\/laultimapalabra.com.mx\/portal\/enojo-irracional\/","title":{"rendered":"\u00a1ENOJO IRRACIONAL!"},"content":{"rendered":"<p style=\"text-align: justify;\"><img loading=\"lazy\" decoding=\"async\" class=\"size-medium wp-image-253 alignright\" src=\"https:\/\/laultimapalabra.com.mx\/portal\/wp-content\/uploads\/2018\/02\/DAVID-LOPEZ-281x300.jpg\" alt=\"\" width=\"281\" height=\"300\" \/>Por: David L\u00f3pez<\/p>\n<p style=\"text-align: justify;\">En la inauguraci\u00f3n de un hospital del IMSS en Sonora, Enrique Pe\u00f1a Nieto llam\u00f3 a desterrar lo que algunos llaman irracional enojo social. Palabras m\u00e1s, palabras menos dec\u00eda as\u00ed: \u201cyo les pregunto \u00bfC\u00f3mo poder comunicar, como poder compartir con la sociedad estos avances? \u00bfC\u00f3mo hacer posible que se asimilen estos logros y podamos desterrar lo que algunos llaman este irracional enojo social? Como se puede apreciar en las palabras del hu\u00e9sped de Los Pinos ya se dio cuenta que la sociedad esta encabronada con \u00e9l y con su partido enfermo de corrupci\u00f3n, pero vayamos por partes a buscar las definiciones; Como enojo se denomina el sentimiento desagradable que experimentamos cuando nos sentimos contrariados o atropellados por las palabras, las acciones o las actitudes de otros. La palabra, como tal, se deriva de la palabra \u201cenojar\u201d, que proviene del lat\u00edn vulgar inodi\u0101re, que significa &#8216;enfadar&#8217;. Irracional. Opuesto a la raz\u00f3n o que va fuera de ella, de lo que no est\u00e1 sometido a las leyes l\u00f3gicas ni puede reducirse a ellas, pero que puede ser conocido, aunque no l\u00f3gicamente. Analizando las definiciones el presidente pudo haber dicho simplemente \u201cenojo social\u201d pero su nerviosismo por las encuestas o su ineptitud le agrego lo \u201cirracional\u201d, esto elevo el enojo a ira, rabia, furia, indignaci\u00f3n. Y \u00bfc\u00f3mo la sociedad no va a externar todos estos sentimientos? Si su gobierno ha sido, el m\u00e1s corrupto e impune de los \u00faltimos 30 a\u00f1os y de corruptelas e impunidad podr\u00edamos se\u00f1alar hasta el infinito. Desgraciadamente para usted y su gobierno las transiciones pol\u00edticas, hoy ofrecen escenarios distintos al 2006 y al 2012. Su partido y gobierno tienen el record de una cantidad hist\u00f3rica de gobernadores encarcelados y pr\u00f3fugos, tipos que fueron poderosos y soberbios que lucraron con la miseria del pueblo. Pero no fue usted, ni sus subalternos, ni los procuradores, fue el empuje de una sociedad cansada, enojada, encabronada, la que tiene en el banquillo de los acusados a los corruptos y otros que se\u00f1ala con \u00edndice de fuego. Algunos de ellos ya en la c\u00e1rcel. La justicia persigue a Rodrigo Medina, C\u00e1sar Duarte, Roberto Sandoval, porque el PRI perdi\u00f3 el poder en Nuevo Le\u00f3n, Chihuahua y Nayarit. Y encarcelados Javier Duarte, Roberto Borge, Tomas Yarrignton, Eugenio Hern\u00e1ndez, Jes\u00fas Reyna, Andr\u00e9s Granier, porque el PRI perdi\u00f3 el poder en Veracruz, Quintana Roo, Tamaulipas, Michoac\u00e1n y Tabasco. Desde luego, todo eso y m\u00e1s es consecuencia del \u201cenojo irracional\u201d que tanto lo irrita Sr. Pe\u00f1a Nieto. Pero la indignaci\u00f3n colectiva no es gratis. Ni naci\u00f3 en maceta. Ni tiene que ver con colores. Ni tiene que ver si los gobernadores son guapos o feos. El \u201cenojo irracional\u201d lo produce una mezcla de corrupci\u00f3n c\u00ednica, impunidad, ineficiencia, desatenci\u00f3n, indiferencia, traiciones, enga\u00f1os, inseguridad, violencia y empobrecimiento. S\u00ed. Empobrecimiento. Que no se hable del escandaloso n\u00famero de pobres mexicanos porque ese tema est\u00e1 vedado en el gobierno, incluyendo a su candidato Meade, debido a que convierte al pa\u00eds en algo impresentable. Tampoco se ha de hablar de que M\u00e9xico es uno de los pa\u00edses socialmente m\u00e1s desiguales del mundo. Para ciertos sujetos y en ciertos temas, callar es mentir. La \u201ccomunicaci\u00f3n\u201d de los \u201cavances\u201d logrados por su gobierno, ordenada por usted, ha de ser una campa\u00f1a pol\u00edtica (electoral) de mentiras porque su gobierno no conoce otro lenguaje. Es natural, por tanto, que el enojo social se vaya a incrementar. Pero hay algo m\u00e1s. En la medida en que usted lleve a cabo su campa\u00f1a de \u201ccomunicaci\u00f3n\u201d, la gente le creer\u00e1 mucho menos. Hay que tomar en cuenta que la falta de credibilidad es uno de los problemas que su gobierno ha heredado a su candidato Meade. Por lo dem\u00e1s, \u00e9l ya tuvo sus momentos en el gabinete actual y en los dos anteriores, en los que pudo haber demostrado que conoce otra pol\u00edtica. Jos\u00e9 Antonio Meade sabe todo lo anterior. Y sabe m\u00e1s porque conoce al gobierno y es parte de sus tramas y arreglos. Sin embargo, no puede reaccionar, est\u00e1 atado a usted presidente y a s\u00ed mismo, es una de las partes del fen\u00f3meno conocido como enojo social, aunque algunos le llaman hartazgo y otros, estamos hasta la madre de ustedes.<br \/>\n(HASTA LA PROXIMA SDQ)<\/p>\n","protected":false},"excerpt":{"rendered":"<p>Por: David L\u00f3pez En la inauguraci\u00f3n de un hospital del IMSS en Sonora, Enrique Pe\u00f1a Nieto llam\u00f3 a desterrar lo que algunos llaman irracional enojo social. Palabras m\u00e1s, palabras menos dec\u00eda as\u00ed: \u201cyo les pregunto \u00bfC\u00f3mo poder comunicar, como poder compartir con la sociedad estos avances? \u00bfC\u00f3mo hacer posible que se asimilen estos logros y [&hellip;]<\/p>\n","protected":false},"author":9,"featured_media":253,"comment_status":"open","ping_status":"closed","sticky":false,"template":"","format":"standard","meta":{"footnotes":""},"categories":[1],"tags":[755],"class_list":["post-471","post","type-post","status-publish","format-standard","has-post-thumbnail","hentry","category-noticias","tag-david-lopez"],"_links":{"self":[{"href":"https:\/\/laultimapalabra.com.mx\/portal\/wp-json\/wp\/v2\/posts\/471","targetHints":{"allow":["GET"]}}],"collection":[{"href":"https:\/\/laultimapalabra.com.mx\/portal\/wp-json\/wp\/v2\/posts"}],"about":[{"href":"https:\/\/laultimapalabra.com.mx\/portal\/wp-json\/wp\/v2\/types\/post"}],"author":[{"embeddable":true,"href":"https:\/\/laultimapalabra.com.mx\/portal\/wp-json\/wp\/v2\/users\/9"}],"replies":[{"embeddable":true,"href":"https:\/\/laultimapalabra.com.mx\/portal\/wp-json\/wp\/v2\/comments?post=471"}],"version-history":[{"count":1,"href":"https:\/\/laultimapalabra.com.mx\/portal\/wp-json\/wp\/v2\/posts\/471\/revisions"}],"predecessor-version":[{"id":63331,"href":"https:\/\/laultimapalabra.com.mx\/portal\/wp-json\/wp\/v2\/posts\/471\/revisions\/63331"}],"wp:featuredmedia":[{"embeddable":true,"href":"https:\/\/laultimapalabra.com.mx\/portal\/wp-json\/"}],"wp:attachment":[{"href":"https:\/\/laultimapalabra.com.mx\/portal\/wp-json\/wp\/v2\/media?parent=471"}],"wp:term":[{"taxonomy":"category","embeddable":true,"href":"https:\/\/laultimapalabra.com.mx\/portal\/wp-json\/wp\/v2\/categories?post=471"},{"taxonomy":"post_tag","embeddable":true,"href":"https:\/\/laultimapalabra.com.mx\/portal\/wp-json\/wp\/v2\/tags?post=471"}],"curies":[{"name":"wp","href":"https:\/\/api.w.org\/{rel}","templated":true}]}}