                       {"id":47250,"date":"2023-09-26T10:37:11","date_gmt":"2023-09-26T16:37:11","guid":{"rendered":"https:\/\/laultimapalabra.com.mx\/portal\/?p=47250"},"modified":"2023-09-26T10:37:11","modified_gmt":"2023-09-26T16:37:11","slug":"judia-ataca-fox-el-expresidente-vicente-fox-lanza-nuevo-ataque-antisemita-contra-claudia-sheinbaum","status":"publish","type":"post","link":"https:\/\/laultimapalabra.com.mx\/portal\/judia-ataca-fox-el-expresidente-vicente-fox-lanza-nuevo-ataque-antisemita-contra-claudia-sheinbaum\/","title":{"rendered":"\u201cJUD\u00cdA&#8230;\u201d, ATACA FOX El expresidente Vicente Fox lanza nuevo ataque antisemita contra Claudia Sheinbaum"},"content":{"rendered":"<p>Ciudad de M\u00e9xico, 25 de septiembre (Sin Embargo).- Vicente Fox Quesada lanz\u00f3 esta tarde un nuevo mensaje antisemita en contra de Claudia Sheinbaum Pardo, Coordinadora de la Defensa de la Transformaci\u00f3n y virtual candidata a la Presidencia de M\u00e9xico por parte de la alianza que conforman los partidos Morena, del Trabajo (PT) Y Verde Ecologista de M\u00e9xico (PVEM).<\/p>\n<p>\u201cJUD\u00cdA Y EXTRANJERA A LA VEZ\u201d, as\u00ed con may\u00fasculas, escribi\u00f3 el expresidente, quien ya hab\u00eda sido criticado por sus mensajes discriminatorios, de odio y prejuicio en contra de la tambi\u00e9n exjefa de Gobierno de la Ciudad de M\u00e9xico.<\/p>\n<p>En un mensaje desde su cuenta de la red social X, Fox Quesada exhibi\u00f3 no s\u00f3lo su hostilidad hacia la doctora Sheinbaum Pardo, sino a toda una comunidad que tiene presencia en el pa\u00eds desde 1519, pero que tom\u00f3 carta formal de naturalizaci\u00f3n en M\u00e9xico a finales del siglo XIX y principios del siglo XX.<\/p>\n<p>Vicente Fox volvi\u00f3 a recurrir al racismo y discurso de odio para criticar a Claudia Sheinbaum. Foto: Captura de pantalla.<\/p>\n<p>El impacto y la presencia de la comunidad jud\u00eda en el pa\u00eds ha estado presente por muchas d\u00e9cadas en la Rep\u00fablica Mexicana y sus legados son incontables. Adem\u00e1s de su brazo econ\u00f3mico, los jud\u00edos mexicanos aportan a diario su trabajo para impulsar el desarrollo del pa\u00eds desde distintos \u00e1mbitos: intelectuales, acad\u00e9micos, cient\u00edficos, artistas, empresarios grandes, medianos y peque\u00f1os, pol\u00edticos, funcionarios p\u00fablicos y dirigentes de organismos de la sociedad civil.<\/p>\n<p>FUENTE: SIN EMBARGO<\/p>\n<p>CR\u00c9DITOS FOTO: SIN EMBARGO MX<\/p>\n","protected":false},"excerpt":{"rendered":"<p>Ciudad de M\u00e9xico, 25 de septiembre (Sin Embargo).- Vicente Fox Quesada lanz\u00f3 esta tarde un nuevo mensaje antisemita en contra de Claudia Sheinbaum Pardo, Coordinadora de la Defensa de la Transformaci\u00f3n y virtual candidata a la Presidencia de M\u00e9xico por parte de la alianza que conforman los partidos Morena, del Trabajo (PT) Y Verde Ecologista [&hellip;]<\/p>\n","protected":false},"author":9,"featured_media":47251,"comment_status":"closed","ping_status":"closed","sticky":false,"template":"","format":"standard","meta":{"footnotes":""},"categories":[19],"tags":[9607,8496,9608,9609,5859,6696],"class_list":["post-47250","post","type-post","status-publish","format-standard","has-post-thumbnail","hentry","category-nacional","tag-antisemita","tag-claudiasheinbaum","tag-extranjerayjudia","tag-racistaclasista","tag-ultimas-noticias","tag-vicentefox"],"_links":{"self":[{"href":"https:\/\/laultimapalabra.com.mx\/portal\/wp-json\/wp\/v2\/posts\/47250","targetHints":{"allow":["GET"]}}],"collection":[{"href":"https:\/\/laultimapalabra.com.mx\/portal\/wp-json\/wp\/v2\/posts"}],"about":[{"href":"https:\/\/laultimapalabra.com.mx\/portal\/wp-json\/wp\/v2\/types\/post"}],"author":[{"embeddable":true,"href":"https:\/\/laultimapalabra.com.mx\/portal\/wp-json\/wp\/v2\/users\/9"}],"replies":[{"embeddable":true,"href":"https:\/\/laultimapalabra.com.mx\/portal\/wp-json\/wp\/v2\/comments?post=47250"}],"version-history":[{"count":1,"href":"https:\/\/laultimapalabra.com.mx\/portal\/wp-json\/wp\/v2\/posts\/47250\/revisions"}],"predecessor-version":[{"id":47252,"href":"https:\/\/laultimapalabra.com.mx\/portal\/wp-json\/wp\/v2\/posts\/47250\/revisions\/47252"}],"wp:featuredmedia":[{"embeddable":true,"href":"https:\/\/laultimapalabra.com.mx\/portal\/wp-json\/wp\/v2\/media\/47251"}],"wp:attachment":[{"href":"https:\/\/laultimapalabra.com.mx\/portal\/wp-json\/wp\/v2\/media?parent=47250"}],"wp:term":[{"taxonomy":"category","embeddable":true,"href":"https:\/\/laultimapalabra.com.mx\/portal\/wp-json\/wp\/v2\/categories?post=47250"},{"taxonomy":"post_tag","embeddable":true,"href":"https:\/\/laultimapalabra.com.mx\/portal\/wp-json\/wp\/v2\/tags?post=47250"}],"curies":[{"name":"wp","href":"https:\/\/api.w.org\/{rel}","templated":true}]}}