                       {"id":47254,"date":"2023-09-26T10:44:06","date_gmt":"2023-09-26T16:44:06","guid":{"rendered":"https:\/\/laultimapalabra.com.mx\/portal\/?p=47254"},"modified":"2023-09-26T10:44:06","modified_gmt":"2023-09-26T16:44:06","slug":"quedo-resuelto-el-emplazamiento-a-huelga-en-pemex-amlo","status":"publish","type":"post","link":"https:\/\/laultimapalabra.com.mx\/portal\/quedo-resuelto-el-emplazamiento-a-huelga-en-pemex-amlo\/","title":{"rendered":"Qued\u00f3 resuelto el emplazamiento a huelga en Pemex: AMLO"},"content":{"rendered":"<p>CDMX.- El presidente Andr\u00e9s Manuel L\u00f3pez Obrador inform\u00f3 que ayer se resolvi\u00f3 el emplazamiento a huelga de los trabajadores de Petr\u00f3leos Mexicanos (Pemex).<\/p>\n<p>\u201cAyer se arregl\u00f3 lo del emplazamiento a huelga de los trabajadores de Pemex, por los aumentos de salario. Le agradezco mucho a los dirigentes del Sindicato, porque hay confianza\u201d.<\/p>\n<p>En la revisi\u00f3n del Contrato Colectivo de Trabajo (CCT) 2023 \u2013 2025, el Sindicato de Trabajadores Petroleros de la Rep\u00fablica Mexicana, solicit\u00f3 un incremento salarial de 7 por ciento; a lo que Pemex respondi\u00f3 con un 4.2.<\/p>\n<p>Tras llegar a un acuerdo, L\u00f3pez Obrador refri\u00f3 que su administraci\u00f3n ha dado \u201cun trato especial a los trabajadores de Pemex, nunca los hab\u00edan basificado, en la cantidad que se est\u00e1 haciendo ahora,<\/p>\n<p>\u201cY lo mismo con los trabajadores de la CFE (Comisi\u00f3n Federal de Electricidad), nos cost\u00f3 un poco lo de Pemex, porque el aumento que acordaron en la CFE es un poco mayor y quer\u00edan los de Pemex que fuese igual que en del a CFE. Se lleg\u00f3 a un acuerdo, tambi\u00e9n favorable para los trabajadores petroleros\u201d.<\/p>\n<p>FUENTE: LA JORNADA<\/p>\n<p>CR\u00c9DITOS FOTO: LA JORNADA<\/p>\n<p>&nbsp;<\/p>\n","protected":false},"excerpt":{"rendered":"<p>CDMX.- El presidente Andr\u00e9s Manuel L\u00f3pez Obrador inform\u00f3 que ayer se resolvi\u00f3 el emplazamiento a huelga de los trabajadores de Petr\u00f3leos Mexicanos (Pemex). \u201cAyer se arregl\u00f3 lo del emplazamiento a huelga de los trabajadores de Pemex, por los aumentos de salario. Le agradezco mucho a los dirigentes del Sindicato, porque hay confianza\u201d. En la revisi\u00f3n [&hellip;]<\/p>\n","protected":false},"author":9,"featured_media":47255,"comment_status":"closed","ping_status":"closed","sticky":false,"template":"","format":"standard","meta":{"footnotes":""},"categories":[19],"tags":[9611,124,9610,1758,5859],"class_list":["post-47254","post","type-post","status-publish","format-standard","has-post-thumbnail","hentry","category-nacional","tag-acuerdoconsindicato","tag-amlo","tag-aumento4-2","tag-pemex","tag-ultimas-noticias"],"_links":{"self":[{"href":"https:\/\/laultimapalabra.com.mx\/portal\/wp-json\/wp\/v2\/posts\/47254","targetHints":{"allow":["GET"]}}],"collection":[{"href":"https:\/\/laultimapalabra.com.mx\/portal\/wp-json\/wp\/v2\/posts"}],"about":[{"href":"https:\/\/laultimapalabra.com.mx\/portal\/wp-json\/wp\/v2\/types\/post"}],"author":[{"embeddable":true,"href":"https:\/\/laultimapalabra.com.mx\/portal\/wp-json\/wp\/v2\/users\/9"}],"replies":[{"embeddable":true,"href":"https:\/\/laultimapalabra.com.mx\/portal\/wp-json\/wp\/v2\/comments?post=47254"}],"version-history":[{"count":1,"href":"https:\/\/laultimapalabra.com.mx\/portal\/wp-json\/wp\/v2\/posts\/47254\/revisions"}],"predecessor-version":[{"id":47256,"href":"https:\/\/laultimapalabra.com.mx\/portal\/wp-json\/wp\/v2\/posts\/47254\/revisions\/47256"}],"wp:featuredmedia":[{"embeddable":true,"href":"https:\/\/laultimapalabra.com.mx\/portal\/wp-json\/wp\/v2\/media\/47255"}],"wp:attachment":[{"href":"https:\/\/laultimapalabra.com.mx\/portal\/wp-json\/wp\/v2\/media?parent=47254"}],"wp:term":[{"taxonomy":"category","embeddable":true,"href":"https:\/\/laultimapalabra.com.mx\/portal\/wp-json\/wp\/v2\/categories?post=47254"},{"taxonomy":"post_tag","embeddable":true,"href":"https:\/\/laultimapalabra.com.mx\/portal\/wp-json\/wp\/v2\/tags?post=47254"}],"curies":[{"name":"wp","href":"https:\/\/api.w.org\/{rel}","templated":true}]}}