                       {"id":47424,"date":"2023-09-27T22:12:13","date_gmt":"2023-09-28T04:12:13","guid":{"rendered":"https:\/\/laultimapalabra.com.mx\/portal\/?p=47424"},"modified":"2023-09-27T22:12:32","modified_gmt":"2023-09-28T04:12:32","slug":"causa-destrozos-tormenta-en-cadereyta","status":"publish","type":"post","link":"https:\/\/laultimapalabra.com.mx\/portal\/causa-destrozos-tormenta-en-cadereyta\/","title":{"rendered":"Causa destrozos tormenta en Cadereyta"},"content":{"rendered":"\n<p>Cadereyta Jim\u00e9nez, N.L.-Una fuerte tormenta que azot\u00f3 la tarde de este mi\u00e9rcoles, caus\u00f3 m\u00faltiples destrozos en distintos puntos del municipio de Cadereyta.<br \/>\u00c1rboles ca\u00eddos, postes de energ\u00eda el\u00e9ctrica, panor\u00e1micos entre otros objetos fueron derribados por las fuertes r\u00e1fagas de viento debido a una fuerte tormenta el\u00e9ctrica que comenz\u00f3 cerca de las 4:00 de la tarde.<br \/>La mayor parte de la ciudad se qued\u00f3 sin energ\u00eda el\u00e9ctrica ante las afectaciones, en unas zonas se restableci\u00f3 de inmediato y en otras tard\u00f3 horas en regresar el servicio.<br \/>Los ciudadanos captaron im\u00e1genes en el boulevard Revoluci\u00f3n frente a bodega aurrera donde qued\u00f3 un \u00e1rbol quebrado, las bancas ubicadas en el parque de ligas peque\u00f1as tambi\u00e9n sufrieron da\u00f1os, un anuncio de una farmacia similares se arranc\u00f3 del establecimiento y qued\u00f3 colgando sobre la calle entre otras afectaciones.<br \/>Aunque la lluvia caus\u00f3 estos da\u00f1os y muchos m\u00e1s, la precipitaci\u00f3n registrada da un alivio a las altas temperaturas y un respiro a la sequ\u00eda por la que atraviesa el estado.<\/p>\n\n\n\n<figure class=\"wp-block-image size-large\"><img loading=\"lazy\" decoding=\"async\" width=\"768\" height=\"1024\" src=\"https:\/\/laultimapalabra.com.mx\/portal\/wp-content\/uploads\/2023\/09\/img-20230927-wa00834529487989798997906-768x1024.jpg\" alt=\"\" class=\"wp-image-47421\" srcset=\"https:\/\/laultimapalabra.com.mx\/portal\/wp-content\/uploads\/2023\/09\/img-20230927-wa00834529487989798997906-768x1024.jpg 768w, https:\/\/laultimapalabra.com.mx\/portal\/wp-content\/uploads\/2023\/09\/img-20230927-wa00834529487989798997906-225x300.jpg 225w, https:\/\/laultimapalabra.com.mx\/portal\/wp-content\/uploads\/2023\/09\/img-20230927-wa00834529487989798997906.jpg 1080w\" sizes=\"auto, (max-width: 768px) 100vw, 768px\" \/><\/figure>\n\n\n\n<figure class=\"wp-block-image size-large\"><img loading=\"lazy\" decoding=\"async\" width=\"768\" height=\"1024\" src=\"https:\/\/laultimapalabra.com.mx\/portal\/wp-content\/uploads\/2023\/09\/img-20230927-wa00847584089838919349810-768x1024.jpg\" alt=\"\" class=\"wp-image-47423\" srcset=\"https:\/\/laultimapalabra.com.mx\/portal\/wp-content\/uploads\/2023\/09\/img-20230927-wa00847584089838919349810-768x1024.jpg 768w, https:\/\/laultimapalabra.com.mx\/portal\/wp-content\/uploads\/2023\/09\/img-20230927-wa00847584089838919349810-225x300.jpg 225w, https:\/\/laultimapalabra.com.mx\/portal\/wp-content\/uploads\/2023\/09\/img-20230927-wa00847584089838919349810.jpg 960w\" sizes=\"auto, (max-width: 768px) 100vw, 768px\" \/><\/figure>\n","protected":false},"excerpt":{"rendered":"<p>Cadereyta Jim\u00e9nez, N.L.-Una fuerte tormenta que azot\u00f3 la tarde de este mi\u00e9rcoles, caus\u00f3 m\u00faltiples destrozos en distintos puntos del municipio de Cadereyta.\u00c1rboles ca\u00eddos, postes de energ\u00eda el\u00e9ctrica, panor\u00e1micos entre otros objetos fueron derribados por las fuertes r\u00e1fagas de viento debido a una fuerte tormenta el\u00e9ctrica que comenz\u00f3 cerca de las 4:00 de la tarde.La mayor [&hellip;]<\/p>\n","protected":false},"author":7,"featured_media":47420,"comment_status":"closed","ping_status":"closed","sticky":false,"template":"","format":"standard","meta":{"footnotes":""},"categories":[9],"tags":[6877,9657,8717,9248],"class_list":["post-47424","post","type-post","status-publish","format-standard","has-post-thumbnail","hentry","category-seguridad-cadereyta","tag-causa-destrozos","tag-fuerte-tormenta","tag-sin-energia-electrica","tag-tormenta-electrica"],"_links":{"self":[{"href":"https:\/\/laultimapalabra.com.mx\/portal\/wp-json\/wp\/v2\/posts\/47424","targetHints":{"allow":["GET"]}}],"collection":[{"href":"https:\/\/laultimapalabra.com.mx\/portal\/wp-json\/wp\/v2\/posts"}],"about":[{"href":"https:\/\/laultimapalabra.com.mx\/portal\/wp-json\/wp\/v2\/types\/post"}],"author":[{"embeddable":true,"href":"https:\/\/laultimapalabra.com.mx\/portal\/wp-json\/wp\/v2\/users\/7"}],"replies":[{"embeddable":true,"href":"https:\/\/laultimapalabra.com.mx\/portal\/wp-json\/wp\/v2\/comments?post=47424"}],"version-history":[{"count":1,"href":"https:\/\/laultimapalabra.com.mx\/portal\/wp-json\/wp\/v2\/posts\/47424\/revisions"}],"predecessor-version":[{"id":47425,"href":"https:\/\/laultimapalabra.com.mx\/portal\/wp-json\/wp\/v2\/posts\/47424\/revisions\/47425"}],"wp:featuredmedia":[{"embeddable":true,"href":"https:\/\/laultimapalabra.com.mx\/portal\/wp-json\/wp\/v2\/media\/47420"}],"wp:attachment":[{"href":"https:\/\/laultimapalabra.com.mx\/portal\/wp-json\/wp\/v2\/media?parent=47424"}],"wp:term":[{"taxonomy":"category","embeddable":true,"href":"https:\/\/laultimapalabra.com.mx\/portal\/wp-json\/wp\/v2\/categories?post=47424"},{"taxonomy":"post_tag","embeddable":true,"href":"https:\/\/laultimapalabra.com.mx\/portal\/wp-json\/wp\/v2\/tags?post=47424"}],"curies":[{"name":"wp","href":"https:\/\/api.w.org\/{rel}","templated":true}]}}